{"id":140867,"date":"2019-12-14T12:27:33","date_gmt":"2019-12-14T15:27:33","guid":{"rendered":"http:\/\/www.caririemacao.com\/1\/?p=140867"},"modified":"2019-12-14T12:27:33","modified_gmt":"2019-12-14T15:27:33","slug":"brasil-estuda-implementar-sistema-de-alerta-por-tv-digital","status":"publish","type":"post","link":"https:\/\/www.caririemacao.com\/1\/2019\/12\/14\/brasil-estuda-implementar-sistema-de-alerta-por-tv-digital\/","title":{"rendered":"Brasil estuda implementar sistema de alerta por TV digital"},"content":{"rendered":"\n<p>O governo federal poder\u00e1 no pr\u00f3ximo ano criar um sistema de alerta via TV digital (sinal aberto) para repasse de informa\u00e7\u00e3o imediata \u00e0 popula\u00e7\u00e3o sobre de riscos como deslizamento de terra, enchentes e rompimento de barragem. Ainda n\u00e3o h\u00e1 cronograma de implanta\u00e7\u00e3o.<\/p>\n\n\n\n<p>O prop\u00f3sito \u00e9 \u201cusar a robustez da radiodifus\u00e3o e a capilaridade que essa estrutura tem por todo o pa\u00eds para trafegar alertas de emerg\u00eancia\u201d, explicou Andr\u00e9 Fonseca, coordenador geral de televis\u00e3o digital do Minist\u00e9rio da Ci\u00eancia, Tecnologia, Inova\u00e7\u00f5es e Comunica\u00e7\u00f5es (MCTIC).<\/p>\n\n\n\n<p>\u201cO sistema tem o intuito de evitar maiores consequ\u00eancias da cat\u00e1strofe. Os objetivos s\u00e3o velocidade e complementariedade aos alarmes existentes, para que a popula\u00e7\u00e3o receba as informa\u00e7\u00f5es o mais r\u00e1pido poss\u00edvel\u201d, disse.<\/p>\n\n\n\n<p>Segundo Fonseca, a ideia em discuss\u00e3o \u00e9 aproveitar o sinal da TV Brasil, da Empresa Brasil de Comunica\u00e7\u00e3o (EBC), para veicular mensagens por escrito nas telas dos televisores, monitores e celulares. \u201cA gente teria prefer\u00eancia por trafegar o alerta pela EBC por ser uma emissora da Uni\u00e3o&#8221;.<\/p>\n\n\n\n<p>A ado\u00e7\u00e3o do sistema ser\u00e1 conduzida pelo minist\u00e9rio, que al\u00e9m dos estudos de viabilidade de implanta\u00e7\u00e3o, dever\u00e1 elaborar normas de funcionamento. A iniciativa depende do estabelecimento de uma pol\u00edtica p\u00fablica elaborada em conjunto pelo minist\u00e9rio e outras \u00e1reas do governo, como o Centro Nacional de Monitoramento e Alertas de Desastres Naturais (Cemaden), a Secretaria Nacional de Prote\u00e7\u00e3o e Defesa Civil, o Instituto Nacional de Meteorologia e o Gabinete de Seguran\u00e7a Institucional da Presid\u00eancia da Rep\u00fablica (SGI).<\/p>\n\n\n\n<p>Sistema japon\u00eas<\/p>\n\n\n\n<p>Fonseca assistiu na sede da EBC, em Bras\u00edlia, a apresenta\u00e7\u00e3o do sistema EWBS, desenvolvido pelo Jap\u00e3o para alertas de tsunamis, terremotos e outras situa\u00e7\u00f5es de risco. Brasil e Jap\u00e3o assinaram no ano passado um memorando de coopera\u00e7\u00e3o nas \u00e1reas de televis\u00e3o digital terrestre e tecnologias de informa\u00e7\u00e3o e comunica\u00e7\u00e3o.<\/p>\n\n\n\n<p>De acordo com Andr\u00e9 Fonseca, a ado\u00e7\u00e3o do EWBS seria vi\u00e1vel pois o modelo brasileiro de TV digital \u00e9 baseado no modelo japon\u00eas. \u201cOs conversores e atuais aparelhos de TV digital j\u00e1 conseguem entender a mensagem\u201d, disse, assinalando a necessidade de atualiza\u00e7\u00e3o de software para transmiss\u00e3o aos receptores de TV. A mensagem enviada via TV Brasil seria repassada pelas demais emissoras.<\/p>\n\n\n\n<p>O ministro-conselheiro da Embaixada do Jap\u00e3o em Bras\u00edlia, Naoki Hikota, informou que o sistema EBWS \u00e9 utilizado em 20 pa\u00edses. Segundo ele, assim como o sistema de alerta, o Jap\u00e3o deseja \u201cavan\u00e7ar com o Brasil agenda em seguran\u00e7a cibern\u00e9tica e comunica\u00e7\u00f5es 5G\u201d.<\/p>\n","protected":false},"excerpt":{"rendered":"<p>O governo federal poder\u00e1 no pr\u00f3ximo ano criar um sistema de alerta via TV digital (sinal aberto) para repasse de informa\u00e7\u00e3o imediata \u00e0 popula\u00e7\u00e3o sobre&hellip; <\/p>\n","protected":false},"author":1,"featured_media":140868,"comment_status":"closed","ping_status":"closed","sticky":false,"template":"","format":"standard","meta":{"sfsi_plus_gutenberg_text_before_share":"","sfsi_plus_gutenberg_show_text_before_share":"","sfsi_plus_gutenberg_icon_type":"","sfsi_plus_gutenberg_icon_alignemt":"","sfsi_plus_gutenburg_max_per_row":"","footnotes":""},"categories":[2],"tags":[],"class_list":["post-140867","post","type-post","status-publish","format-standard","has-post-thumbnail","hentry","category-geral"],"_links":{"self":[{"href":"https:\/\/www.caririemacao.com\/1\/wp-json\/wp\/v2\/posts\/140867","targetHints":{"allow":["GET"]}}],"collection":[{"href":"https:\/\/www.caririemacao.com\/1\/wp-json\/wp\/v2\/posts"}],"about":[{"href":"https:\/\/www.caririemacao.com\/1\/wp-json\/wp\/v2\/types\/post"}],"author":[{"embeddable":true,"href":"https:\/\/www.caririemacao.com\/1\/wp-json\/wp\/v2\/users\/1"}],"replies":[{"embeddable":true,"href":"https:\/\/www.caririemacao.com\/1\/wp-json\/wp\/v2\/comments?post=140867"}],"version-history":[{"count":1,"href":"https:\/\/www.caririemacao.com\/1\/wp-json\/wp\/v2\/posts\/140867\/revisions"}],"predecessor-version":[{"id":140869,"href":"https:\/\/www.caririemacao.com\/1\/wp-json\/wp\/v2\/posts\/140867\/revisions\/140869"}],"wp:featuredmedia":[{"embeddable":true,"href":"https:\/\/www.caririemacao.com\/1\/wp-json\/wp\/v2\/media\/140868"}],"wp:attachment":[{"href":"https:\/\/www.caririemacao.com\/1\/wp-json\/wp\/v2\/media?parent=140867"}],"wp:term":[{"taxonomy":"category","embeddable":true,"href":"https:\/\/www.caririemacao.com\/1\/wp-json\/wp\/v2\/categories?post=140867"},{"taxonomy":"post_tag","embeddable":true,"href":"https:\/\/www.caririemacao.com\/1\/wp-json\/wp\/v2\/tags?post=140867"}],"curies":[{"name":"wp","href":"https:\/\/api.w.org\/{rel}","templated":true}]}}