{"id":140872,"date":"2019-12-14T12:38:29","date_gmt":"2019-12-14T15:38:29","guid":{"rendered":"http:\/\/www.caririemacao.com\/1\/?p=140872"},"modified":"2019-12-14T12:38:29","modified_gmt":"2019-12-14T15:38:29","slug":"cancer-de-pele-atinge-180-mil-brasileiros-por-ano-previna-se","status":"publish","type":"post","link":"https:\/\/www.caririemacao.com\/1\/2019\/12\/14\/cancer-de-pele-atinge-180-mil-brasileiros-por-ano-previna-se\/","title":{"rendered":"C\u00e2ncer de pele atinge 180 mil brasileiros por ano; previna-se"},"content":{"rendered":"\n<p>O\u00a0<strong>c\u00e2ncer de pele<\/strong>, o mais comum no Brasil, \u00e9 algo que pouca gente d\u00e1 import\u00e2ncia, apesar dos aproximadamente 180 mil novos casos que todo ano s\u00e3o diagnosticados, segundo o\u00a0<strong>Instituto Nacional do C\u00e2ncer (Inca)<\/strong>. Por isso, em dezembro, m\u00eas de conscientiza\u00e7\u00e3o do c\u00e2ncer da pele, a campanha da Sociedade Brasileira de Dermatologia (<strong>SBD<\/strong>) tem como foco a orienta\u00e7\u00e3o para os sinais do problema, que cresceu em import\u00e2ncia por causa da possibilidade de o\u00a0<strong>presidente Jair Bolsonaro<\/strong>\u00a0ter a doen\u00e7a. Esta semana, ele retirou um sinal da orelha esquerda, e admitiu a possibilidade de ser c\u00e2ncer de pele. O tecido ainda passar\u00e1 por bi\u00f3psia para investiga\u00e7\u00e3o.<\/p>\n\n\n\n<p>Elimar Gomes, coordenador do Dezembro Laranja, t\u00edtulo da campanha da SBD, acredita que a grande incid\u00eancia da doen\u00e7a no Brasil \u00e9 reflexo das mudan\u00e7as de h\u00e1bito da sociedade. \u201cL\u00e1 atr\u00e1s, em 1920, as pessoas tomavam pouco sol, iam para a praia de roupa e se protegiam mais. Com o passar do tempo, entrou na moda o bronzeado, e a popula\u00e7\u00e3o come\u00e7ou a se expor mais\u201d, explicou. Desde 2014, a SBD promove o Dezembro Laranja.<\/p>\n\n\n\n<p>Para o dermatologista, o poss\u00edvel c\u00e2ncer de pele de Bolsonaro trouxe os holofotes para a campanha. \u201cSempre que uma figura p\u00fablica mostra que tem a doen\u00e7a, ou tem essa possibilidade, \u00e9 importante porque chama a aten\u00e7\u00e3o da popula\u00e7\u00e3o, e mostra que qualquer em pode ter\u201d. O m\u00e9dico afirma que o presidente apresenta sinais de que \u00e9 uma pessoa que pode ter c\u00e2ncer de pele, pois \u201ctem uma pele clara e cronicamente exposta ao sol\u201d.Continua depois da publicidade<\/p>\n\n\n\n<p>Diferente de outros c\u00e2nceres, que precisam de exames mais complexos para serem identificados, o de pele pode ser notado por qualquer pessoa com conhecimento. \u201c\u00c9 a melhor forma de preven\u00e7\u00e3o. Se voc\u00ea conhece a doen\u00e7a, e sabe o que causa, pode fazer a preven\u00e7\u00e3o prim\u00e1ria e tomar a\u00e7\u00f5es para evitar a doen\u00e7a, como passar protetor solar. E tamb\u00e9m pode identificar precocemente um sinal de c\u00e2ncer\u201d, explicou. Segundo a SBD, quando descoberta no in\u00edcio, as chances de cura s\u00e3o de mais de 90%.<br><\/p>\n\n\n\n<h3 class=\"wp-block-heading\"><strong>Saber observar<\/strong><\/h3>\n\n\n\n<p>Elimar ressalta que \u00e9 preciso prestar aten\u00e7\u00e3o a manchas na pele que co\u00e7am, ardem, sangram, al\u00e9m de feridas que n\u00e3o cicatrizam em quatro semanas, e pintas que mudam de cor e formato. Al\u00e9m disso, consultar um dermatologista em caso de suspeita \u00e9 essencial.<\/p>\n\n\n\n<p>Foi observando a si mesmo que o servidor p\u00fablico Marcelo Carlos de Mello e Souza, 59 anos, percebeu um sinal no ombro, que posteriormente foi identificado como um carcinoma basocelular, o tipo mais comum de c\u00e2ncer de pele.<\/p>\n\n\n\n<p>\u201cSou carioca e peguei muito sol na praia. At\u00e9 meus 17 anos, morei no Rio de Janeiro e a praia e o sol eram parte da minha rotina\u201d, relembra. Os efeitos da luz solar sem prote\u00e7\u00e3o vieram anos depois. A exposi\u00e7\u00e3o cr\u00f4nica da pele \u00e9 um das principais causadores da doen\u00e7a. Desde 2010, outros pontos foram identificados e, conforme diz, o corpo tem mais de 200 pontos de extra\u00e7\u00e3o de sinais de c\u00e2ncer. Mas nenhum deles \u00e9 melanoma.<\/p>\n\n\n\n<p>Atualmente, a rotina de Marcelo \u00e9 diferente. \u201cHoje, eu caminho cedo para evitar o sol, uso camisas de manga comprida com prote\u00e7\u00e3o solar e protetor no rosto e no corpo. Para quem gosta de mar e de praia, \u00e9 uma dura penit\u00eancia\u201d, brinca. Para ele, o Dezembro Laranja \u00e9 fundamental para ensinar a popula\u00e7\u00e3o a identificar o problema ainda no in\u00edcio.\n\n<\/p>\n","protected":false},"excerpt":{"rendered":"<p>O\u00a0c\u00e2ncer de pele, o mais comum no Brasil, \u00e9 algo que pouca gente d\u00e1 import\u00e2ncia, apesar dos aproximadamente 180 mil novos casos que todo ano&hellip; <\/p>\n","protected":false},"author":1,"featured_media":140873,"comment_status":"closed","ping_status":"closed","sticky":false,"template":"","format":"standard","meta":{"sfsi_plus_gutenberg_text_before_share":"","sfsi_plus_gutenberg_show_text_before_share":"","sfsi_plus_gutenberg_icon_type":"","sfsi_plus_gutenberg_icon_alignemt":"","sfsi_plus_gutenburg_max_per_row":"","footnotes":""},"categories":[16],"tags":[],"class_list":["post-140872","post","type-post","status-publish","format-standard","has-post-thumbnail","hentry","category-saude"],"_links":{"self":[{"href":"https:\/\/www.caririemacao.com\/1\/wp-json\/wp\/v2\/posts\/140872","targetHints":{"allow":["GET"]}}],"collection":[{"href":"https:\/\/www.caririemacao.com\/1\/wp-json\/wp\/v2\/posts"}],"about":[{"href":"https:\/\/www.caririemacao.com\/1\/wp-json\/wp\/v2\/types\/post"}],"author":[{"embeddable":true,"href":"https:\/\/www.caririemacao.com\/1\/wp-json\/wp\/v2\/users\/1"}],"replies":[{"embeddable":true,"href":"https:\/\/www.caririemacao.com\/1\/wp-json\/wp\/v2\/comments?post=140872"}],"version-history":[{"count":1,"href":"https:\/\/www.caririemacao.com\/1\/wp-json\/wp\/v2\/posts\/140872\/revisions"}],"predecessor-version":[{"id":140874,"href":"https:\/\/www.caririemacao.com\/1\/wp-json\/wp\/v2\/posts\/140872\/revisions\/140874"}],"wp:featuredmedia":[{"embeddable":true,"href":"https:\/\/www.caririemacao.com\/1\/wp-json\/wp\/v2\/media\/140873"}],"wp:attachment":[{"href":"https:\/\/www.caririemacao.com\/1\/wp-json\/wp\/v2\/media?parent=140872"}],"wp:term":[{"taxonomy":"category","embeddable":true,"href":"https:\/\/www.caririemacao.com\/1\/wp-json\/wp\/v2\/categories?post=140872"},{"taxonomy":"post_tag","embeddable":true,"href":"https:\/\/www.caririemacao.com\/1\/wp-json\/wp\/v2\/tags?post=140872"}],"curies":[{"name":"wp","href":"https:\/\/api.w.org\/{rel}","templated":true}]}}