{"id":140877,"date":"2019-12-14T12:42:16","date_gmt":"2019-12-14T15:42:16","guid":{"rendered":"http:\/\/www.caririemacao.com\/1\/?p=140877"},"modified":"2019-12-14T12:42:16","modified_gmt":"2019-12-14T15:42:16","slug":"mec-nao-renova-contrato-com-gestora-da-tv-escola","status":"publish","type":"post","link":"https:\/\/www.caririemacao.com\/1\/2019\/12\/14\/mec-nao-renova-contrato-com-gestora-da-tv-escola\/","title":{"rendered":"MEC n\u00e3o renova contrato com gestora da TV Escola"},"content":{"rendered":"\n<p>O Minist\u00e9rio da Educa\u00e7\u00e3o (MEC) informou ontem que n\u00e3o renovar\u00e1 o contrato com a Associa\u00e7\u00e3o de Comunica\u00e7\u00e3o Educativa Roquette Pinto (Acerp), respons\u00e1vel por gerir a TV Escola. O contrato se encerra no fim deste ano e o ministro Abraham Weintraub ordenou que funcion\u00e1rios da emissora deixassem o pr\u00e9dio do minist\u00e9rio. Um caminh\u00e3o de mudan\u00e7a estacionou ontem na frente do MEC para levar os pertences da equipe.<\/p>\n\n\n\n<p>Questionado se encerrar\u00e1 as atividades da TV Escola, o Minist\u00e9rio da Educa\u00e7\u00e3o afirmou que \u201cestuda a possibilidade de as atividades do canal serem exercidas por outra institui\u00e7\u00e3o da administra\u00e7\u00e3o p\u00fablica\u201d, sem indicar qual. No ano passado, o contrato com a Roquete Pinto foi de R$ 73 milh\u00f5es, mas sofreu redu\u00e7\u00e3o neste ano.<\/p>\n\n\n\n<p>O canal foi criado em 1995 e \u00e9 transmitido em rede aberta em algumas cidades do Pa\u00eds. A TV chegou a fazer parte do MEC, mas desde 2015 mant\u00e9m apenas contrato de gest\u00e3o com a pasta para produ\u00e7\u00e3o de conte\u00fado e gest\u00e3o operacional.<\/p>\n\n\n\n<p>No in\u00edcio desta semana, virou alvo de pol\u00eamica ao anunciar em sua programa\u00e7\u00e3o a s\u00e9rie Brasil: A \u00daltima Cruzada, lan\u00e7ada pela produtora Brasil Paralelo. No epis\u00f3dio inicial, a s\u00e9rie tem a participa\u00e7\u00e3o do escritor Olavo de Carvalho, guru da ala ideol\u00f3gica do governo Jair Bolsonaro, que conseguiu indicar muitos nomes para o MEC no in\u00edcio da gest\u00e3o.<\/p>\n\n\n\n<p>A s\u00e9rie da Brasil Paralelo faz releituras sobre a ditadura militar e outros per\u00edodos hist\u00f3ricos do Brasil sob vi\u00e9s conservador. A inclus\u00e3o desse material na grade da TV Escola causou a rea\u00e7\u00e3o de historiadores, mas foi comemorada nas redes sociais. \u201cTemos uma lind\u00edssima hist\u00f3ria e ela h\u00e1 de ser recuperada. Agora: Brasil Paralelo na TV Escola\u201d, comentou o deputado Eduardo Bolsonaro (PSL-SP) na segunda-feira.<\/p>\n\n\n\n<p>Expuls\u00e3o<br>\nEm nota, a Roquete Pinto afirmou que Weintraub \u201cexpulsou\u201d a TV Escola do pr\u00e9dio do MEC. Segundo a associa\u00e7\u00e3o, a ordem do ministro era para que a desocupa\u00e7\u00e3o ocorresse at\u00e9 29 de novembro, mas, com dificuldade de encontrar um novo espa\u00e7o para acomodar a equipe da TV, pediu, na Justi\u00e7a, a prorroga\u00e7\u00e3o do prazo.<\/p>\n\n\n\n<p>Uma liminar que garantia a perman\u00eancia da equipe na sede do minist\u00e9rio foi cassada nesta quinta-feira.<\/p>\n\n\n\n<p>\u201cA dire\u00e7\u00e3o da Roquette Pinto Comunica\u00e7\u00e3o Educativa, que faz a gest\u00e3o da TV Escola, tentou in\u00fameros contatos com assessores do minist\u00e9rio e com o pr\u00f3prio ministro, no sentido de solicitar uma prorroga\u00e7\u00e3o do prazo para a desocupa\u00e7\u00e3o, a fim de poder achar um local adequado. N\u00e3o recebeu nenhuma resposta\u201d, afirmou a Roquete Pinto na nota. As informa\u00e7\u00f5es s\u00e3o do jornal O Estado de S. Paulo.<\/p>\n","protected":false},"excerpt":{"rendered":"<p>O Minist\u00e9rio da Educa\u00e7\u00e3o (MEC) informou ontem que n\u00e3o renovar\u00e1 o contrato com a Associa\u00e7\u00e3o de Comunica\u00e7\u00e3o Educativa Roquette Pinto (Acerp), respons\u00e1vel por gerir a&hellip; <\/p>\n","protected":false},"author":1,"featured_media":16058,"comment_status":"closed","ping_status":"closed","sticky":false,"template":"","format":"standard","meta":{"sfsi_plus_gutenberg_text_before_share":"","sfsi_plus_gutenberg_show_text_before_share":"","sfsi_plus_gutenberg_icon_type":"","sfsi_plus_gutenberg_icon_alignemt":"","sfsi_plus_gutenburg_max_per_row":"","footnotes":""},"categories":[14],"tags":[],"class_list":["post-140877","post","type-post","status-publish","format-standard","has-post-thumbnail","hentry","category-educacao"],"_links":{"self":[{"href":"https:\/\/www.caririemacao.com\/1\/wp-json\/wp\/v2\/posts\/140877","targetHints":{"allow":["GET"]}}],"collection":[{"href":"https:\/\/www.caririemacao.com\/1\/wp-json\/wp\/v2\/posts"}],"about":[{"href":"https:\/\/www.caririemacao.com\/1\/wp-json\/wp\/v2\/types\/post"}],"author":[{"embeddable":true,"href":"https:\/\/www.caririemacao.com\/1\/wp-json\/wp\/v2\/users\/1"}],"replies":[{"embeddable":true,"href":"https:\/\/www.caririemacao.com\/1\/wp-json\/wp\/v2\/comments?post=140877"}],"version-history":[{"count":1,"href":"https:\/\/www.caririemacao.com\/1\/wp-json\/wp\/v2\/posts\/140877\/revisions"}],"predecessor-version":[{"id":140878,"href":"https:\/\/www.caririemacao.com\/1\/wp-json\/wp\/v2\/posts\/140877\/revisions\/140878"}],"wp:featuredmedia":[{"embeddable":true,"href":"https:\/\/www.caririemacao.com\/1\/wp-json\/wp\/v2\/media\/16058"}],"wp:attachment":[{"href":"https:\/\/www.caririemacao.com\/1\/wp-json\/wp\/v2\/media?parent=140877"}],"wp:term":[{"taxonomy":"category","embeddable":true,"href":"https:\/\/www.caririemacao.com\/1\/wp-json\/wp\/v2\/categories?post=140877"},{"taxonomy":"post_tag","embeddable":true,"href":"https:\/\/www.caririemacao.com\/1\/wp-json\/wp\/v2\/tags?post=140877"}],"curies":[{"name":"wp","href":"https:\/\/api.w.org\/{rel}","templated":true}]}}