{"id":140879,"date":"2019-12-14T12:48:40","date_gmt":"2019-12-14T15:48:40","guid":{"rendered":"http:\/\/www.caririemacao.com\/1\/?p=140879"},"modified":"2019-12-14T12:48:40","modified_gmt":"2019-12-14T15:48:40","slug":"novo-estudo-do-inpe-afirma-que-derramamento-de-oleo-veio-do-mar-da-africa","status":"publish","type":"post","link":"https:\/\/www.caririemacao.com\/1\/2019\/12\/14\/novo-estudo-do-inpe-afirma-que-derramamento-de-oleo-veio-do-mar-da-africa\/","title":{"rendered":"Novo estudo do Inpe afirma que derramamento de \u00f3leo veio do mar da \u00c1frica"},"content":{"rendered":"\n<p>Estudos realizados pelo&nbsp;Instituto Nacional de Pesquisas Espaciais (Inpe)&nbsp;apontam que a origem do&nbsp;derramamento de petr\u00f3leo no litoral brasileiro&nbsp;estaria a milhares de quil\u00f4metros da costa do Pa\u00eds. Mais precisamente as avalia\u00e7\u00f5es indicam que o \u00f3leo teria se deslocado da regi\u00e3o sul do mar da&nbsp;\u00c1frica, em abril, at\u00e9 chegar \u00e0 costa brasileira, em setembro.<\/p>\n\n\n\n<p>Essa hip\u00f3tese refuta completamente a linha mais recente de investiga\u00e7\u00f5es divulgadas pela&nbsp;Marinha&nbsp;e pela&nbsp;Pol\u00edcia Federal, que apontaram, como principal suspeito da trag\u00e9dia, o&nbsp;navio Bouboulina, da empresa grega Delta Tankers.(\u2026)<\/p>\n\n\n\n<p>A nova hip\u00f3tese de que o local de origem seria o mar na regi\u00e3o sul da \u00c1frica \u00e9 detalhada por Ronald Buss de Souza, pesquisador do Inpe que atua no Grupo de Acompanhamento e Avalia\u00e7\u00e3o (GAA) da crise do \u00f3leo. Ocean\u00f3grafo, Souza \u00e9 chefe de gabinete e diretor substituto do Inpe.<\/p>\n\n\n\n<p>Segundo o especialista, modelos estat\u00edsticos que levam em considera\u00e7\u00e3o situa\u00e7\u00f5es tecnicamente reconhecidas sobre as correntes mar\u00edtimas, vento e ondas indicam que o \u00f3leo, que efetivamente chegou ao litoral de forma submersa, teria como origem a regi\u00e3o sul da \u00c1frica. O pesquisador, no entanto, n\u00e3o detalhou se seria um acidente com embarca\u00e7\u00f5es ou um vazamento.<\/p>\n","protected":false},"excerpt":{"rendered":"<p>Estudos realizados pelo&nbsp;Instituto Nacional de Pesquisas Espaciais (Inpe)&nbsp;apontam que a origem do&nbsp;derramamento de petr\u00f3leo no litoral brasileiro&nbsp;estaria a milhares de quil\u00f4metros da costa do Pa\u00eds.&hellip; <\/p>\n","protected":false},"author":1,"featured_media":140880,"comment_status":"closed","ping_status":"closed","sticky":false,"template":"","format":"standard","meta":{"sfsi_plus_gutenberg_text_before_share":"","sfsi_plus_gutenberg_show_text_before_share":"","sfsi_plus_gutenberg_icon_type":"","sfsi_plus_gutenberg_icon_alignemt":"","sfsi_plus_gutenburg_max_per_row":"","footnotes":""},"categories":[2],"tags":[],"class_list":["post-140879","post","type-post","status-publish","format-standard","has-post-thumbnail","hentry","category-geral"],"_links":{"self":[{"href":"https:\/\/www.caririemacao.com\/1\/wp-json\/wp\/v2\/posts\/140879","targetHints":{"allow":["GET"]}}],"collection":[{"href":"https:\/\/www.caririemacao.com\/1\/wp-json\/wp\/v2\/posts"}],"about":[{"href":"https:\/\/www.caririemacao.com\/1\/wp-json\/wp\/v2\/types\/post"}],"author":[{"embeddable":true,"href":"https:\/\/www.caririemacao.com\/1\/wp-json\/wp\/v2\/users\/1"}],"replies":[{"embeddable":true,"href":"https:\/\/www.caririemacao.com\/1\/wp-json\/wp\/v2\/comments?post=140879"}],"version-history":[{"count":1,"href":"https:\/\/www.caririemacao.com\/1\/wp-json\/wp\/v2\/posts\/140879\/revisions"}],"predecessor-version":[{"id":140881,"href":"https:\/\/www.caririemacao.com\/1\/wp-json\/wp\/v2\/posts\/140879\/revisions\/140881"}],"wp:featuredmedia":[{"embeddable":true,"href":"https:\/\/www.caririemacao.com\/1\/wp-json\/wp\/v2\/media\/140880"}],"wp:attachment":[{"href":"https:\/\/www.caririemacao.com\/1\/wp-json\/wp\/v2\/media?parent=140879"}],"wp:term":[{"taxonomy":"category","embeddable":true,"href":"https:\/\/www.caririemacao.com\/1\/wp-json\/wp\/v2\/categories?post=140879"},{"taxonomy":"post_tag","embeddable":true,"href":"https:\/\/www.caririemacao.com\/1\/wp-json\/wp\/v2\/tags?post=140879"}],"curies":[{"name":"wp","href":"https:\/\/api.w.org\/{rel}","templated":true}]}}