{"id":140887,"date":"2019-12-14T16:13:52","date_gmt":"2019-12-14T19:13:52","guid":{"rendered":"http:\/\/www.caririemacao.com\/1\/?p=140887"},"modified":"2019-12-14T16:13:52","modified_gmt":"2019-12-14T19:13:52","slug":"silvio-santos-enfrenta-representacao-no-ministerio-publico-por-racismo","status":"publish","type":"post","link":"https:\/\/www.caririemacao.com\/1\/2019\/12\/14\/silvio-santos-enfrenta-representacao-no-ministerio-publico-por-racismo\/","title":{"rendered":"Silvio Santos enfrenta representa\u00e7\u00e3o no Minist\u00e9rio P\u00fablico por racismo"},"content":{"rendered":"\n<p>O deputado estadual Jesus dos Santos, 35, (PSOL), integrante da bancada ativista -formada por nove militantes pol\u00edticos de diversas \u00e1reas que dividem o mandato em S\u00e3o Paulo- fez uma representa\u00e7\u00e3o contra Silvio Santos, 89, nesta sexta-feira (13).<\/p>\n\n\n\n<p>A causa foi o tratamento dado pelo apresentador a Jennyfer Oliver no quadro Quem Voc\u00ea Tira?, no Programa Silvio Santos (SBT), exibido dia 8 de dezembro.<\/p>\n\n\n\n<p>Em uma competi\u00e7\u00e3o de calouros, o apresentador ignorou a vota\u00e7\u00e3o popular do audit\u00f3rio, que escolheu Oliver como melhor int\u00e9rprete da m\u00fasica \u201cCaneta Azul\u201d, e premiou outra concorrente, Juliani, por t\u00ea-la considerado \u201cmuito bonita\u201d.<\/p>\n\n\n\n<p>O que chamou a aten\u00e7\u00e3o dos espectadores \u00e9 que a cantora preterida pelo apresentador era a \u00fanica negra no grupo de quatro calouras. Isso levou o p\u00fablico a cogitar racismo por parte de Silvio, hip\u00f3tese tomada como certa por Jesus.<\/p>\n\n\n\n<p>\u201cQuando um apresentador, dono de um canal que \u00e9 uma concess\u00e3o p\u00fablica, ratifica e continua perpetuando piadinhas racistas, isso passa a ser um problema no qual encontramos aparato constitucional para enquadr\u00e1-lo. O crime de racismo \u00e9 bem n\u00edtido quando informa que atos racistas de qualquer forma e grau precisam ser contidos\u201d, afirma o deputado.<\/p>\n\n\n\n<p>A iniciativa aconteceu ap\u00f3s uma audi\u00eancia p\u00fablica na Assembleia Legislativa do Estado de S\u00e3o Paulo (Alesp), da qual tamb\u00e9m participaram os deputados Leci Brand\u00e3o, 75, (PCdoB) e Luiz Fernando Teixeira, 57, (PT). Cabe ao Minist\u00e9rio P\u00fablico apurar os fatos e, se entender que houve racismo, processar Silvio.<\/p>\n\n\n\n<p>Para Jesus, \u00e9 inadmiss\u00edvel que uma emissora e seu apresentador tenham esse tipo de comportamento. \u201cPartimos do princ\u00edpio de n\u00e3o tolerar mais que nossas crian\u00e7as que assistem a esse programa, pessoas em processo de forma\u00e7\u00e3o, tenham [acesso a] conte\u00fados que n\u00e3o est\u00e3o coerentes com os passos que a sociedade deve dar\u201d.<\/p>\n\n\n\n<p>O deputado diz ainda que, embora venha tentando falar com Oliver, ainda n\u00e3o conseguiu contatar a cantora. \u201cEla est\u00e1 em um lugar desprivilegiado para tentar contrapor a narrativa de um cara que \u00e9 mega milion\u00e1rio no nosso pa\u00eds. Ela \u00e9 o elo fraco dessa corrente. Como papel do parlamento nos cabe zelar pela nossa Constitui\u00e7\u00e3o\u201d.<\/p>\n\n\n\n<p>\u00c9 importante destacar que a medida foi poss\u00edvel sem a necessidade da presen\u00e7a da participante que teria sofrido discrimina\u00e7\u00e3o, porque a representa\u00e7\u00e3o est\u00e1 fundamentada no crime de racismo, e n\u00e3o de inj\u00faria racial. Procurada pela reportagem, a assessoria do SBT n\u00e3o se manifestou sobre o caso at\u00e9 a conclus\u00e3o deste texto.<br><\/p>\n","protected":false},"excerpt":{"rendered":"<p>O deputado estadual Jesus dos Santos, 35, (PSOL), integrante da bancada ativista -formada por nove militantes pol\u00edticos de diversas \u00e1reas que dividem o mandato em&hellip; <\/p>\n","protected":false},"author":1,"featured_media":112452,"comment_status":"closed","ping_status":"closed","sticky":false,"template":"","format":"standard","meta":{"sfsi_plus_gutenberg_text_before_share":"","sfsi_plus_gutenberg_show_text_before_share":"","sfsi_plus_gutenberg_icon_type":"","sfsi_plus_gutenberg_icon_alignemt":"","sfsi_plus_gutenburg_max_per_row":"","footnotes":""},"categories":[2],"tags":[],"class_list":["post-140887","post","type-post","status-publish","format-standard","has-post-thumbnail","hentry","category-geral"],"_links":{"self":[{"href":"https:\/\/www.caririemacao.com\/1\/wp-json\/wp\/v2\/posts\/140887","targetHints":{"allow":["GET"]}}],"collection":[{"href":"https:\/\/www.caririemacao.com\/1\/wp-json\/wp\/v2\/posts"}],"about":[{"href":"https:\/\/www.caririemacao.com\/1\/wp-json\/wp\/v2\/types\/post"}],"author":[{"embeddable":true,"href":"https:\/\/www.caririemacao.com\/1\/wp-json\/wp\/v2\/users\/1"}],"replies":[{"embeddable":true,"href":"https:\/\/www.caririemacao.com\/1\/wp-json\/wp\/v2\/comments?post=140887"}],"version-history":[{"count":1,"href":"https:\/\/www.caririemacao.com\/1\/wp-json\/wp\/v2\/posts\/140887\/revisions"}],"predecessor-version":[{"id":140888,"href":"https:\/\/www.caririemacao.com\/1\/wp-json\/wp\/v2\/posts\/140887\/revisions\/140888"}],"wp:featuredmedia":[{"embeddable":true,"href":"https:\/\/www.caririemacao.com\/1\/wp-json\/wp\/v2\/media\/112452"}],"wp:attachment":[{"href":"https:\/\/www.caririemacao.com\/1\/wp-json\/wp\/v2\/media?parent=140887"}],"wp:term":[{"taxonomy":"category","embeddable":true,"href":"https:\/\/www.caririemacao.com\/1\/wp-json\/wp\/v2\/categories?post=140887"},{"taxonomy":"post_tag","embeddable":true,"href":"https:\/\/www.caririemacao.com\/1\/wp-json\/wp\/v2\/tags?post=140887"}],"curies":[{"name":"wp","href":"https:\/\/api.w.org\/{rel}","templated":true}]}}