{"id":140897,"date":"2019-12-15T08:42:21","date_gmt":"2019-12-15T11:42:21","guid":{"rendered":"http:\/\/www.caririemacao.com\/1\/?p=140897"},"modified":"2019-12-15T08:42:21","modified_gmt":"2019-12-15T11:42:21","slug":"colisao-entre-moto-e-carro-deixa-uma-vitima-fatal-e-um-ferido-na-br-412-proximo-a-serra-branca","status":"publish","type":"post","link":"https:\/\/www.caririemacao.com\/1\/2019\/12\/15\/colisao-entre-moto-e-carro-deixa-uma-vitima-fatal-e-um-ferido-na-br-412-proximo-a-serra-branca\/","title":{"rendered":"Colis\u00e3o entre moto e carro deixa uma v\u00edtima fatal e um ferido na BR-412, pr\u00f3ximo a Serra Branca"},"content":{"rendered":"\n<p>Um grave acidente deixou mais uma v\u00edtima fatal na principal rodovia do Cariri, a BR-412, na madrugada deste domingo, dia 15 de dezembro.<\/p>\n\n\n\n<p>Segundo informa\u00e7\u00f5es apuradas pela nossa reportagem, por volta 3hrs da madrugada, um homem natural de S\u00e3o Jo\u00e3o do Cariri veio a \u00f3bito ap\u00f3s colidir uma motocicleta com um carro na BR 412 \u2013 KM 73, pr\u00f3ximo ao munic\u00edpio de Serra Branca.<\/p>\n\n\n\n<p>Jose Ivo Alves Gon\u00e7alves, 37 anos de idade faleceu no local do acidente e a carona que estava na motocicleta identificada por Joana Gon\u00e7alves, foi socorrida as pressas pela unidade m\u00f3vel do SAMU para o hospital de Emerg\u00eancia e Trauma de Campina Grande em estado grave.<\/p>\n\n\n\n<p>O casal s\u00e3ojo\u00e3oense estava retornado de uma vaquejada na comunidade do Gravat\u00e1, zona rural de S\u00e3o Jo\u00e3o do Cariri.<\/p>\n\n\n\n<p>A PRF (Pol\u00edcia Rodovi\u00e1ria Federal) esteve no local realizando os levantamentos do acidente.&nbsp;As causas n\u00e3o foram identificadas.<\/p>\n\n\n\n<p><strong>De Olho no Cariri<\/strong><\/p>\n","protected":false},"excerpt":{"rendered":"<p>Um grave acidente deixou mais uma v\u00edtima fatal na principal rodovia do Cariri, a BR-412, na madrugada deste domingo, dia 15 de dezembro. Segundo informa\u00e7\u00f5es&hellip; <\/p>\n","protected":false},"author":1,"featured_media":86038,"comment_status":"closed","ping_status":"closed","sticky":false,"template":"","format":"standard","meta":{"sfsi_plus_gutenberg_text_before_share":"","sfsi_plus_gutenberg_show_text_before_share":"","sfsi_plus_gutenberg_icon_type":"","sfsi_plus_gutenberg_icon_alignemt":"","sfsi_plus_gutenburg_max_per_row":"","footnotes":""},"categories":[12],"tags":[],"class_list":["post-140897","post","type-post","status-publish","format-standard","has-post-thumbnail","hentry","category-policia"],"_links":{"self":[{"href":"https:\/\/www.caririemacao.com\/1\/wp-json\/wp\/v2\/posts\/140897","targetHints":{"allow":["GET"]}}],"collection":[{"href":"https:\/\/www.caririemacao.com\/1\/wp-json\/wp\/v2\/posts"}],"about":[{"href":"https:\/\/www.caririemacao.com\/1\/wp-json\/wp\/v2\/types\/post"}],"author":[{"embeddable":true,"href":"https:\/\/www.caririemacao.com\/1\/wp-json\/wp\/v2\/users\/1"}],"replies":[{"embeddable":true,"href":"https:\/\/www.caririemacao.com\/1\/wp-json\/wp\/v2\/comments?post=140897"}],"version-history":[{"count":1,"href":"https:\/\/www.caririemacao.com\/1\/wp-json\/wp\/v2\/posts\/140897\/revisions"}],"predecessor-version":[{"id":140898,"href":"https:\/\/www.caririemacao.com\/1\/wp-json\/wp\/v2\/posts\/140897\/revisions\/140898"}],"wp:featuredmedia":[{"embeddable":true,"href":"https:\/\/www.caririemacao.com\/1\/wp-json\/wp\/v2\/media\/86038"}],"wp:attachment":[{"href":"https:\/\/www.caririemacao.com\/1\/wp-json\/wp\/v2\/media?parent=140897"}],"wp:term":[{"taxonomy":"category","embeddable":true,"href":"https:\/\/www.caririemacao.com\/1\/wp-json\/wp\/v2\/categories?post=140897"},{"taxonomy":"post_tag","embeddable":true,"href":"https:\/\/www.caririemacao.com\/1\/wp-json\/wp\/v2\/tags?post=140897"}],"curies":[{"name":"wp","href":"https:\/\/api.w.org\/{rel}","templated":true}]}}