{"id":140901,"date":"2019-12-15T09:11:47","date_gmt":"2019-12-15T12:11:47","guid":{"rendered":"http:\/\/www.caririemacao.com\/1\/?p=140901"},"modified":"2019-12-15T09:11:47","modified_gmt":"2019-12-15T12:11:47","slug":"congresso-pode-votar-proposta-de-orcamento-na-proxima-semana","status":"publish","type":"post","link":"https:\/\/www.caririemacao.com\/1\/2019\/12\/15\/congresso-pode-votar-proposta-de-orcamento-na-proxima-semana\/","title":{"rendered":"Congresso pode votar proposta de Or\u00e7amento na pr\u00f3xima semana"},"content":{"rendered":"\n<p>O Congresso Nacional pode votar, na pr\u00f3xima ter\u00e7a-feira (17), a proposta or\u00e7ament\u00e1ria para 2020. A sess\u00e3o para a vota\u00e7\u00e3o do Projeto de Lei do Congresso Nacional (PLN) 22\/19 est\u00e1 marcada para as 14h30. Antes da an\u00e1lise por deputados e senadores no plen\u00e1rio, a Comiss\u00e3o Mista de Or\u00e7amento (CMO) vota o relat\u00f3rio final da proposta \u00e0s 11h.<\/p>\n\n\n\n<p>O parecer preliminar apresentado pelo relator-geral do Or\u00e7amento, deputado Domingos Neto (PSD-CE), modificou par\u00e2metros que serviram para as proje\u00e7\u00f5es de receitas e despesas e tamb\u00e9m incorporou efeitos de propostas ao texto original do Or\u00e7amento enviado pelo governo.<\/p>\n\n\n\n<p>Segundo&nbsp;<a href=\"http:\/\/agenciabrasil.ebc.com.br\/politica\/noticia\/2019-12\/comissao-mista-aprova-relatorio-preliminar-do-orcamento-2020\" target=\"_blank\" rel=\"noreferrer noopener\">relat\u00f3rio preliminar aprovado<\/a>&nbsp;pela Comiss\u00e3o, o texto prev\u00ea o total de R$ 3,6 trilh\u00f5es para as proje\u00e7\u00f5es de receita e de despesa. Desse total, R$ 3,5 trilh\u00f5es s\u00e3o dos or\u00e7amentos fiscal e de seguridade social, dos quais R$ 917,1 bilh\u00f5es referem-se ao refinanciamento da d\u00edvida p\u00fablica.<\/p>\n\n\n\n<p>O relat\u00f3rio diz que o sal\u00e1rio m\u00ednimo, em janeiro de 2020, passar\u00e1 dos atuais R$ 998 para cerca de R$ 1.031. O valor est\u00e1 abaixo dos R$ 1.039 inicialmente previsto.<\/p>\n\n\n\n<p>Em 2020, a meta fiscal para o resultado prim\u00e1rio do governo central (Tesouro Nacional, Previd\u00eancia Social e Banco Central) corresponder\u00e1 a um d\u00e9ficit de R$ 124,1 bilh\u00f5es.<\/p>\n\n\n\n<p>Para 2020, a proposta or\u00e7ament\u00e1ria prev\u00ea ainda um crescimento real do Produto Interno Bruto (PIB) de 2,32%, pouco acima da expectativa do mercado (2,20%). A infla\u00e7\u00e3o prevista para o pr\u00f3ximo ano, medida pelo \u00cdndice de Pre\u00e7os ao Consumidor Amplo (IPCA), \u00e9 de 3,53%.<\/p>\n\n\n\n<p>Durante a vota\u00e7\u00e3o, o colegiado rejeitou oito dos nove destaques apresentados ao texto. O \u00fanico destaque aprovado elevou o fundo eleitoral de 2020 de R$ 2 bilh\u00f5es para R$ 3,8 bilh\u00f5es.<\/p>\n","protected":false},"excerpt":{"rendered":"<p>O Congresso Nacional pode votar, na pr\u00f3xima ter\u00e7a-feira (17), a proposta or\u00e7ament\u00e1ria para 2020. A sess\u00e3o para a vota\u00e7\u00e3o do Projeto de Lei do Congresso&hellip; <\/p>\n","protected":false},"author":1,"featured_media":140902,"comment_status":"closed","ping_status":"closed","sticky":false,"template":"","format":"standard","meta":{"sfsi_plus_gutenberg_text_before_share":"","sfsi_plus_gutenberg_show_text_before_share":"","sfsi_plus_gutenberg_icon_type":"","sfsi_plus_gutenberg_icon_alignemt":"","sfsi_plus_gutenburg_max_per_row":"","footnotes":""},"categories":[11],"tags":[],"class_list":["post-140901","post","type-post","status-publish","format-standard","has-post-thumbnail","hentry","category-politica"],"_links":{"self":[{"href":"https:\/\/www.caririemacao.com\/1\/wp-json\/wp\/v2\/posts\/140901","targetHints":{"allow":["GET"]}}],"collection":[{"href":"https:\/\/www.caririemacao.com\/1\/wp-json\/wp\/v2\/posts"}],"about":[{"href":"https:\/\/www.caririemacao.com\/1\/wp-json\/wp\/v2\/types\/post"}],"author":[{"embeddable":true,"href":"https:\/\/www.caririemacao.com\/1\/wp-json\/wp\/v2\/users\/1"}],"replies":[{"embeddable":true,"href":"https:\/\/www.caririemacao.com\/1\/wp-json\/wp\/v2\/comments?post=140901"}],"version-history":[{"count":1,"href":"https:\/\/www.caririemacao.com\/1\/wp-json\/wp\/v2\/posts\/140901\/revisions"}],"predecessor-version":[{"id":140903,"href":"https:\/\/www.caririemacao.com\/1\/wp-json\/wp\/v2\/posts\/140901\/revisions\/140903"}],"wp:featuredmedia":[{"embeddable":true,"href":"https:\/\/www.caririemacao.com\/1\/wp-json\/wp\/v2\/media\/140902"}],"wp:attachment":[{"href":"https:\/\/www.caririemacao.com\/1\/wp-json\/wp\/v2\/media?parent=140901"}],"wp:term":[{"taxonomy":"category","embeddable":true,"href":"https:\/\/www.caririemacao.com\/1\/wp-json\/wp\/v2\/categories?post=140901"},{"taxonomy":"post_tag","embeddable":true,"href":"https:\/\/www.caririemacao.com\/1\/wp-json\/wp\/v2\/tags?post=140901"}],"curies":[{"name":"wp","href":"https:\/\/api.w.org\/{rel}","templated":true}]}}