{"id":140906,"date":"2019-12-15T09:13:49","date_gmt":"2019-12-15T12:13:49","guid":{"rendered":"http:\/\/www.caririemacao.com\/1\/?p=140906"},"modified":"2019-12-15T09:13:49","modified_gmt":"2019-12-15T12:13:49","slug":"maioria-dos-apoiadores-de-bolsonaro-aprova-saida-do-psl","status":"publish","type":"post","link":"https:\/\/www.caririemacao.com\/1\/2019\/12\/15\/maioria-dos-apoiadores-de-bolsonaro-aprova-saida-do-psl\/","title":{"rendered":"Maioria dos apoiadores de Bolsonaro aprova sa\u00edda do PSL"},"content":{"rendered":"\n<p>A maioria dos eleitores que declaram voto em Jair Bolsonaro nas elei\u00e7\u00f5es de 2018 aprova a decis\u00e3o do presidente de sair do PSL, partido pelo qual foi eleito, e criar uma nova sigla, a Alian\u00e7a pelo Brasil, aponta a mais recente pesquisa Datafolha.<\/p>\n\n\n\n<p>Segundo o levantamento, 57% dos entrevistados que declaram ter votado em Bolsonaro aprovam a empreitada pol\u00edtico-partid\u00e1ria do presidente; 27% a desaprovam. Nesse grupo, os indiferentes s\u00e3o 9% e os que n\u00e3o sabem, 7%.<\/p>\n\n\n\n<p>O aval \u00e0 decis\u00e3o de Bolsonaro tamb\u00e9m \u00e9 maior entre os que consideram seu governo \u00f3timo ou bom. Nessa fatia da popula\u00e7\u00e3o, 68% aprovam a investida do presidente.<\/p>\n\n\n\n<p>Segundo o instituto, a taxa de aprova\u00e7\u00e3o \u00e0 sua administra\u00e7\u00e3o oscilou de 29% para 30% na primeira semana de dezembro, dentro da margem de erro do levantamento, que \u00e9 de dois pontos percentuais para mais ou para menos.<\/p>\n\n\n\n<p>Nas faixas de renda mais alta (cinco a dez sal\u00e1rios m\u00ednimos e mais de dez sal\u00e1rios), 43% dos entrevistados aprovam a sa\u00edda de Bolsonaro do PSL. Entre os que t\u00eam renda familiar de at\u00e9 dois sal\u00e1rios m\u00ednimos por m\u00eas, s\u00e3o 34%.<\/p>\n\n\n\n<p>Apesar de os n\u00fameros indicarem que Bolsonaro mant\u00e9m uma base fiel, independentemente do partido a que esteja filiado, o Datafolha tamb\u00e9m mostra que grande parte dos brasileiros n\u00e3o est\u00e1 acompanhando o movimento pol\u00edtico do presidente.<\/p>\n\n\n\n<p>De acordo com a sondagem, a maioria da popula\u00e7\u00e3o (55%) n\u00e3o tomou conhecimento da decis\u00e3o de Bolsonaro de deixar o PSL e de seu plano de criar um novo partido.<\/p>\n\n\n\n<p>A pesquisa ouviu 2.948 pessoas nos \u00faltimos dias 5 e 6 em 176 munic\u00edpios pelo pa\u00eds.<\/p>\n\n\n\n<p>A sa\u00edda de Bolsonaro do partido que o al\u00e7ou ao Planalto se deu ap\u00f3s semanas de embate dentro do PSL. Em meados de outubro, a sigla se dividiu entre os mais fi\u00e9is aliados de Bolsonaro e uma ala que apoia o presidente da legenda, o deputado federal Luciano Bivar (PSL-PE).<\/p>\n\n\n\n<p>A crise dentro do partido foi escancarada por Bolsonaro no in\u00edcio daquele m\u00eas, ao dizer a um apoiador que Bivar estava &#8220;queimado pra caramba&#8221;.<\/p>\n\n\n\n<p>&#8220;Esquece o PSL, esquece o PSL, t\u00e1 OK?&#8221;, cochichou o presidente no ouvido de apoiador que momentos antes se disse do Recife e pr\u00e9-candidato do PSL. As declara\u00e7\u00f5es causaram rea\u00e7\u00e3o imediata na legenda, que j\u00e1 passava por uma disputa interna de poder.<\/p>\n\n\n\n<p>O PSL est\u00e1 no centro de um esc\u00e2ndalo, revelado pela Folha de S.Paulo, que envolve o uso de verbas p\u00fablicas por meio de candidaturas de laranjas em Minas Gerais e Pernambuco.<\/p>\n\n\n\n<p>Embora Bolsonaro sinalizasse a pessoas pr\u00f3ximas que a situa\u00e7\u00e3o no partido estava insustent\u00e1vel, sua decis\u00e3o de sair do PSL se arrastou por semanas.<\/p>\n\n\n\n<p>A possibilidade de ficar sem partido n\u00e3o era descartada pelo presidente, mas a avalia\u00e7\u00e3o de aliados sempre foi a de que o apoio formal de um grupo pol\u00edtico \u00e9 fundamental para o chefe do Executivo.<\/p>\n\n\n\n<p>Havia d\u00favidas, no entanto, se a cria\u00e7\u00e3o de um novo partido n\u00e3o geraria desgaste a Bolsonaro \u2013uma vez que o n\u00famero excessivo de agremia\u00e7\u00f5es no pa\u00eds \u00e9 alvo de cr\u00edticas.<\/p>\n\n\n\n<p>Os dados do Datafolha indicam, entretanto, que no caso espec\u00edfico de Bolsonaro h\u00e1 uma divis\u00e3o entre os brasileiros. Segundo o levantamento, 41% dos entrevistados desaprovam o movimento de Bolsonaro de sair do PSL e criar a Alian\u00e7a, ante 38% que o aprovam. Disseram ser indiferentes 13%, e n\u00e3o saber 9%.<\/p>\n\n\n\n<p>Em meio a incertezas sobre a viabilidade pol\u00edtica da Alian\u00e7a pelo Brasil, o novo partido de Bolsonaro foi lan\u00e7ado oficialmente no dia 21 de novembro, em Bras\u00edlia, com forte apelo ao discurso de cunho religioso, \u00e0 defesa do porte de armas e de rep\u00fadio ao socialismo e ao comunismo.<\/p>\n\n\n\n<p>O documento que vai nortear a atua\u00e7\u00e3o da Alian\u00e7a defende, por exemplo, &#8220;o lugar de Deus na hist\u00f3ria e na alma do povo brasileiro&#8221;, e diz que a &#8220;laicidade do Estado jamais significou ate\u00edsmo obrigat\u00f3rio, como ocorre em regimes autorit\u00e1rios que perseguem a religi\u00e3o&#8221;.<\/p>\n\n\n\n<p>De acordo com o texto, o partido \u00e9 &#8220;ciente de que o povo brasileiro acredita que Deus \u00e9 o garantidor do verdadeiro desenvolvimento humano&#8221; e que &#8220;a rela\u00e7\u00e3o entre a na\u00e7\u00e3o e Cristo \u00e9 intr\u00ednseca, fundamental e insepar\u00e1vel&#8221;.<\/p>\n\n\n\n<p>Segundo o Datafolha, 43% dos evang\u00e9licos aprovam a sa\u00edda de Bolsonaro do PSL e a cria\u00e7\u00e3o da Alian\u00e7a. Entre os cat\u00f3licos, 37% apoiam.<\/p>\n\n\n\n<p>\u00c9 justamente na fatia evang\u00e9lica da popula\u00e7\u00e3o que o presidente aposta para conseguir tirar sua sigla do papel.<\/p>\n\n\n\n<p>S\u00e3o necess\u00e1rias 491.967 assinaturas em ao menos 9 estados, todas validadas pelo TSE (Tribunal Superior Eleitoral), para a Alian\u00e7a ser criada \u2013 tornando-se, assim, a nona sigla de Bolsonaro em sua carreira pol\u00edtica.<\/p>\n\n\n\n<p>L\u00edderes de igrejas pentecostais e neopentecostais alinhados \u00e0 agenda de Bolsonaro j\u00e1 se colocaram \u00e0 disposi\u00e7\u00e3o da empreitada do presidente, que ainda busca brechas na Justi\u00e7a Eleitoral para chegar \u00e0s elei\u00e7\u00f5es com recursos dos fundos partid\u00e1rio e eleitoral e com tempo de r\u00e1dio e TV.<\/p>\n\n\n\n<p>Nesse contexto, como mostrou a Folha de S.Paulo, Bolsonaro aposta na atua\u00e7\u00e3o da PGR (Procuradoria-Geral da Rep\u00fablica) para garantir que um grupo de cerca de 20 deputados migre do PSL para a nova legenda, mantendo os mandatos e as respectivas fatias da verba p\u00fablica.<br><\/p>\n","protected":false},"excerpt":{"rendered":"<p>A maioria dos eleitores que declaram voto em Jair Bolsonaro nas elei\u00e7\u00f5es de 2018 aprova a decis\u00e3o do presidente de sair do PSL, partido pelo&hellip; <\/p>\n","protected":false},"author":1,"featured_media":137299,"comment_status":"closed","ping_status":"closed","sticky":false,"template":"","format":"standard","meta":{"sfsi_plus_gutenberg_text_before_share":"","sfsi_plus_gutenberg_show_text_before_share":"","sfsi_plus_gutenberg_icon_type":"","sfsi_plus_gutenberg_icon_alignemt":"","sfsi_plus_gutenburg_max_per_row":"","footnotes":""},"categories":[11],"tags":[],"class_list":["post-140906","post","type-post","status-publish","format-standard","has-post-thumbnail","hentry","category-politica"],"_links":{"self":[{"href":"https:\/\/www.caririemacao.com\/1\/wp-json\/wp\/v2\/posts\/140906","targetHints":{"allow":["GET"]}}],"collection":[{"href":"https:\/\/www.caririemacao.com\/1\/wp-json\/wp\/v2\/posts"}],"about":[{"href":"https:\/\/www.caririemacao.com\/1\/wp-json\/wp\/v2\/types\/post"}],"author":[{"embeddable":true,"href":"https:\/\/www.caririemacao.com\/1\/wp-json\/wp\/v2\/users\/1"}],"replies":[{"embeddable":true,"href":"https:\/\/www.caririemacao.com\/1\/wp-json\/wp\/v2\/comments?post=140906"}],"version-history":[{"count":1,"href":"https:\/\/www.caririemacao.com\/1\/wp-json\/wp\/v2\/posts\/140906\/revisions"}],"predecessor-version":[{"id":140907,"href":"https:\/\/www.caririemacao.com\/1\/wp-json\/wp\/v2\/posts\/140906\/revisions\/140907"}],"wp:featuredmedia":[{"embeddable":true,"href":"https:\/\/www.caririemacao.com\/1\/wp-json\/wp\/v2\/media\/137299"}],"wp:attachment":[{"href":"https:\/\/www.caririemacao.com\/1\/wp-json\/wp\/v2\/media?parent=140906"}],"wp:term":[{"taxonomy":"category","embeddable":true,"href":"https:\/\/www.caririemacao.com\/1\/wp-json\/wp\/v2\/categories?post=140906"},{"taxonomy":"post_tag","embeddable":true,"href":"https:\/\/www.caririemacao.com\/1\/wp-json\/wp\/v2\/tags?post=140906"}],"curies":[{"name":"wp","href":"https:\/\/api.w.org\/{rel}","templated":true}]}}