{"id":140908,"date":"2019-12-15T09:15:14","date_gmt":"2019-12-15T12:15:14","guid":{"rendered":"http:\/\/www.caririemacao.com\/1\/?p=140908"},"modified":"2019-12-15T09:15:14","modified_gmt":"2019-12-15T12:15:14","slug":"mao-de-obra-e-tributos-sao-gargalos-para-5g","status":"publish","type":"post","link":"https:\/\/www.caririemacao.com\/1\/2019\/12\/15\/mao-de-obra-e-tributos-sao-gargalos-para-5g\/","title":{"rendered":"M\u00e3o de obra e tributos s\u00e3o gargalos para 5G"},"content":{"rendered":"\n<p>Estudo da ABDI (Ag\u00eancia Brasileira de Desenvolvimento Industrial), que desenvolve projetos de inova\u00e7\u00e3o para o governo, mostra que o pa\u00eds precisa resolver ao menos dois problemas para aproveitar as vantagens que a telefonia 5G oferecer\u00e1 ao setor produtivo.<\/p>\n\n\n\n<p>O pa\u00eds est\u00e1 carente de m\u00e3o de obra qualificada e precisa ajustar a tributa\u00e7\u00e3o \u00e0 realidade dos neg\u00f3cios em tecnologia.<\/p>\n\n\n\n<p>O 5G permitir\u00e1 velocidades de conex\u00e3o \u00e0 internet sem fio dez vezes superiores \u00e0s do 4G, abrindo caminho para o que se chama de internet das coisas, piv\u00f4 do projeto do governo conhecido como &#8220;Ind\u00fastria 4.0&#8221;.<\/p>\n\n\n\n<p>Para o presidente da ABDI, Igor Calvet, o pa\u00eds precisar\u00e1 de m\u00e3o de obra especializada para desenvolver plataformas digitais e operar com dados em massa se quiser surfar na onda dos benef\u00edcios advindos da tecnologia de quinta gera\u00e7\u00e3o.<\/p>\n\n\n\n<p>No entanto, a grade curricular ainda est\u00e1 concentrada em profiss\u00f5es tradicionais.<\/p>\n\n\n\n<p>O resultado disso, segundo pesquisa recente da ag\u00eancia, \u00e9 um d\u00e9ficit de 38 mil profissionais por ano na \u00e1rea de tecnologia em fun\u00e7\u00f5es relacionadas a automa\u00e7\u00e3o, rob\u00f3tica, tecnologia da informa\u00e7\u00e3o, big data, programa\u00e7\u00e3o, entre outras, pilares da economia digitalizada.<\/p>\n\n\n\n<p>&#8220;As escolas formam 32 mil profissionais nesse segmento por ano, mas o mercado tem mais de 70 mil vagas&#8221;, diz Calvet. Por isso, a ABDI, em parceria com entidades do Sistema S e com os minist\u00e9rios da Economia e da Educa\u00e7\u00e3o, est\u00e1 trabalhando para modificar o cat\u00e1logo nacional de cursos t\u00e9cnicos.<\/p>\n\n\n\n<p>&#8220;Hoje, na ABDI, mapeamos as compet\u00eancias do setor privado. Tentamos, pela primeira vez, promover um encontro entre a oferta e a demanda.&#8221;<\/p>\n\n\n\n<p>Se avan\u00e7ar, ser\u00e1 a primeira vez que o setor produtivo conseguir\u00e1 influenciar na defini\u00e7\u00e3o da grade curricular, que ter\u00e1 de ser aprovada pelo CNE (Conselho Nacional de Educa\u00e7\u00e3o).<\/p>\n\n\n\n<p>A senadora K\u00e1tia Abreu (PDT-TO), que presidir\u00e1 a rec\u00e9m-criada Frente Parlamentar do Varejo, Ecommerce e Franchising, \u00e9 uma dos congressistas que encamparam a causa. &#8220;N\u00e3o podemos desperdi\u00e7ar essa oportunidade que a tecnologia 5G abre para o pa\u00eds&#8221;, disse. &#8220;Com a internet das coisas, haver\u00e1 uma revolu\u00e7\u00e3o na produtividade. No campo, era assim. Queremos levar essa inova\u00e7\u00e3o para o varejo.&#8221;<\/p>\n\n\n\n<p>A economia do com\u00e9rcio (em lojas f\u00edsicas e virtuais) movimenta 3% do PIB. Para a senadora, com as novas possibilidades tecnol\u00f3gicas, ser\u00e1 poss\u00edvel dobrar essa participa\u00e7\u00e3o.<\/p>\n\n\n\n<p>No entanto, ela considera a falta de m\u00e3o de obra especializada uma das barreiras a serem vencidas.<\/p>\n\n\n\n<p>&#8220;Tem gente deixando as profiss\u00f5es tradicionais para se dedicar \u00e0 programa\u00e7\u00e3o. Precisa resolver esse gargalo.&#8221;<\/p>\n\n\n\n<p>A senadora foi escolhida pelo setor para liderar o varejo na esfera legislativa e replicar o que ela fez com o agroneg\u00f3cio.<\/p>\n\n\n\n<p>Segundo o presidente do Senado, Davi Alcolumbre (DEM-AP), a frente dever\u00e1 entrar em atividade no in\u00edcio de 2020 e j\u00e1 tem a ades\u00e3o 35 senadores.<\/p>\n\n\n\n<p>O est\u00edmulo \u00e0 qualifica\u00e7\u00e3o profissional ser\u00e1 um dos cinco projetos a serem defendidos pela frente no Congresso.<\/p>\n\n\n\n<p>Mas nada disso, diz a senadora, ter\u00e1 sentido se o Minist\u00e9rio da Economia n\u00e3o resolver outro problema: a isen\u00e7\u00e3o de tributos para os chips 5G.<\/p>\n\n\n\n<p>Hoje, diversas m\u00e1quinas de venda autom\u00e1tica operam com chips de celular. Meios de pagamento tamb\u00e9m acessam contas banc\u00e1rias via internet (por chips) das operadoras.<br>Com o 5G, mais m\u00e1quinas poder\u00e3o desempenhar diversas outras fun\u00e7\u00f5es e at\u00e9 &#8220;conversar&#8221; entre si.<\/p>\n\n\n\n<p>Pela legisla\u00e7\u00e3o vigente, a Uni\u00e3o cobra de cada chip de celular R$ 14,29 por ano entre tributos e contribui\u00e7\u00f5es. Na telefonia celular (voz e dados) os servi\u00e7os geram receita consider\u00e1vel por chip.<\/p>\n\n\n\n<p>Na comunica\u00e7\u00e3o entre m\u00e1quinas, essa receita m\u00e9dia por chip \u00e9 estimada em R$ 12 por ano pelas operadoras. Ou seja: mantida essa estrutura tribut\u00e1ria, a internet das coisas se torna invi\u00e1vel e, sem ela, o pa\u00eds avan\u00e7ar\u00e1 lentamente na era da ind\u00fastria conectada.<\/p>\n","protected":false},"excerpt":{"rendered":"<p>Estudo da ABDI (Ag\u00eancia Brasileira de Desenvolvimento Industrial), que desenvolve projetos de inova\u00e7\u00e3o para o governo, mostra que o pa\u00eds precisa resolver ao menos dois&hellip; <\/p>\n","protected":false},"author":1,"featured_media":35193,"comment_status":"closed","ping_status":"closed","sticky":false,"template":"","format":"standard","meta":{"sfsi_plus_gutenberg_text_before_share":"","sfsi_plus_gutenberg_show_text_before_share":"","sfsi_plus_gutenberg_icon_type":"","sfsi_plus_gutenberg_icon_alignemt":"","sfsi_plus_gutenburg_max_per_row":"","footnotes":""},"categories":[2],"tags":[],"class_list":["post-140908","post","type-post","status-publish","format-standard","has-post-thumbnail","hentry","category-geral"],"_links":{"self":[{"href":"https:\/\/www.caririemacao.com\/1\/wp-json\/wp\/v2\/posts\/140908","targetHints":{"allow":["GET"]}}],"collection":[{"href":"https:\/\/www.caririemacao.com\/1\/wp-json\/wp\/v2\/posts"}],"about":[{"href":"https:\/\/www.caririemacao.com\/1\/wp-json\/wp\/v2\/types\/post"}],"author":[{"embeddable":true,"href":"https:\/\/www.caririemacao.com\/1\/wp-json\/wp\/v2\/users\/1"}],"replies":[{"embeddable":true,"href":"https:\/\/www.caririemacao.com\/1\/wp-json\/wp\/v2\/comments?post=140908"}],"version-history":[{"count":1,"href":"https:\/\/www.caririemacao.com\/1\/wp-json\/wp\/v2\/posts\/140908\/revisions"}],"predecessor-version":[{"id":140909,"href":"https:\/\/www.caririemacao.com\/1\/wp-json\/wp\/v2\/posts\/140908\/revisions\/140909"}],"wp:featuredmedia":[{"embeddable":true,"href":"https:\/\/www.caririemacao.com\/1\/wp-json\/wp\/v2\/media\/35193"}],"wp:attachment":[{"href":"https:\/\/www.caririemacao.com\/1\/wp-json\/wp\/v2\/media?parent=140908"}],"wp:term":[{"taxonomy":"category","embeddable":true,"href":"https:\/\/www.caririemacao.com\/1\/wp-json\/wp\/v2\/categories?post=140908"},{"taxonomy":"post_tag","embeddable":true,"href":"https:\/\/www.caririemacao.com\/1\/wp-json\/wp\/v2\/tags?post=140908"}],"curies":[{"name":"wp","href":"https:\/\/api.w.org\/{rel}","templated":true}]}}