{"id":140910,"date":"2019-12-15T09:17:22","date_gmt":"2019-12-15T12:17:22","guid":{"rendered":"http:\/\/www.caririemacao.com\/1\/?p=140910"},"modified":"2019-12-15T09:17:22","modified_gmt":"2019-12-15T12:17:22","slug":"apartamento-de-luxo-liga-a-oi-a-familia-de-lula-diz-lava-jato","status":"publish","type":"post","link":"https:\/\/www.caririemacao.com\/1\/2019\/12\/15\/apartamento-de-luxo-liga-a-oi-a-familia-de-lula-diz-lava-jato\/","title":{"rendered":"Apartamento de luxo liga a Oi \u00e0 fam\u00edlia de Lula, diz Lava Jato"},"content":{"rendered":"\n<p>Al\u00e9m do s\u00edtio de Atibaia (SP), um apartamento de 335 m\u00b2 em regi\u00e3o nobre da zona sul de S\u00e3o Paulo \u00e9 apontado pela Lava Jato como um dos principais ind\u00edcios de que o empres\u00e1rio Jonas Suassuna usou dinheiro de contratos com a Oi para beneficiar a fam\u00edlia do ex-presidente Luiz In\u00e1cio Lula da Silva.<\/p>\n\n\n\n<p>Comprado por Suassuna em 2009 por R$ 3 milh\u00f5es (R$ 1,9 milh\u00e3o de entrada, e o resto parcelado), o im\u00f3vel foi reformado e mobiliado por ele ao custo de, segundo estimativa da Pol\u00edcia Federal, ao menos R$ 1,6 milh\u00e3o. Foram colocados revestimentos de piso e de parede, forro de gesso, condicionadores de ar e arm\u00e1rios planejados.<\/p>\n\n\n\n<p>Alugado em 2013 por F\u00e1bio Lu\u00eds Lula da Silva, o Lulinha, o apartamento ocupa sozinho o 23\u00ba andar de um dos dois edif\u00edcios do condom\u00ednio Hemisphere. Ele tem tr\u00eas su\u00edtes (uma master e duas de tamanho padr\u00e3o), terra\u00e7o gourmet, escrit\u00f3rio, cozinha, sala de estar e de almo\u00e7o.<\/p>\n\n\n\n<p>Suassuna tamb\u00e9m \u00e9 dono de parte do s\u00edtio usado por Lula. A PF desconfia que tanto o apartamento quanto o terreno em Atibaia foram comprados com dinheiro de contratos comerciais feitos sem l\u00f3gica econ\u00f4mica, uma fachada para dar apar\u00eancia legal \u00e0s transfer\u00eancias.<\/p>\n\n\n\n<p>Em 2016, durante a 24\u00aa fase da Lava Jato, batizada de Aletheia, que investigou Lula, o apartamento foi alvo de busca e apreens\u00e3o. Informa\u00e7\u00f5es obtidas a partir daquela opera\u00e7\u00e3o foram usadas para justificar as a\u00e7\u00f5es da Mapa da Mina, fase deflagrada na \u00faltima ter\u00e7a-feira (10), que tem Lulinha como principal alvo.<\/p>\n\n\n\n<p>Apesar de ter comprado o im\u00f3vel, antes de escolher a planta do apartamento Suassuna mandou um e-mail sobre o assunto a Lulinha. A PF suspeita que essa decis\u00e3o tenha partido do filho de Lula.<\/p>\n\n\n\n<p>H\u00e1 suspeita tamb\u00e9m de que eletrodom\u00e9sticos usados por Lulinha tenham sido comprados pelo dono do apartamento e tamb\u00e9m por Kalil e Fernando Bittar \u2013que tamb\u00e9m \u00e9 dono do s\u00edtio de Atibaia.<\/p>\n\n\n\n<p>&#8220;Seguem os or\u00e7amentos dos produtos escolhidos pelo Fabio e esposa. Preciso transform\u00e1-los em pedido e negociar com voc\u00ea a forma de pagamento e desconto&#8221;, diz um email enviado a Kalil em outubro de 2013, acessado ap\u00f3s busca e apreens\u00e3o da PF.<\/p>\n\n\n\n<p>Na resid\u00eancia foram periciados eletrodom\u00e9sticos, como forno el\u00e9trico, refrigerador de quatro portas, adega climatizada, lavadora e secadora, refrigerador de cervejas, televis\u00e3o e equipamentos de \u00e1udio e v\u00eddeo. \u00c0 \u00e9poca, eles tinham custo de R$ 130 mil.<\/p>\n\n\n\n<p>O im\u00f3vel \u00e9 descrito pela PF como &#8220;um residencial de alto padr\u00e3o&#8221; que &#8220;possui localiza\u00e7\u00e3o privilegiada, com predom\u00ednio de im\u00f3veis residenciais&#8221;.<\/p>\n\n\n\n<p>J\u00e1 o condom\u00ednio Hemisphere &#8220;possui ampla estrutura de lazer, dispondo de academia, lounge, quadra poliesportiva, piscinas coberta e descoberta, sala de recrea\u00e7\u00e3o, dentre outros ambientes&#8221;.<\/p>\n\n\n\n<p>Lulinha alugou o im\u00f3vel por R$ 15 mil mensais. A per\u00edcia da Receita diz que um im\u00f3vel similar na regi\u00e3o, mobiliado, custava R$ 40 mil mensais.<br>Al\u00e9m disso, quebra de sigilo banc\u00e1rio apontou que de outubro de 2013, quando Lulinha alugou o apartamento, a fevereiro de 2016, pouco antes da deflagra\u00e7\u00e3o da Aletheia, s\u00f3 houve 13 dos 28 pagamentos que deveriam ter sido feitos ao longo do per\u00edodo.<\/p>\n\n\n\n<p>&#8220;H\u00e1 ind\u00edcios de que esse im\u00f3vel possa ter sido adquirido com a finalidade espec\u00edfica de servir de moradia depois para F\u00e1bio Lu\u00eds Lula da Silva&#8221;, disse o procurador Roberson Pozzobon na \u00faltima ter\u00e7a, ap\u00f3s a opera\u00e7\u00e3o. &#8220;\u00c9 muito semelhante ao que aconteceu tamb\u00e9m no s\u00edtio de Atibaia.&#8221;<\/p>\n\n\n\n<p>Ele aponta a proximidade das datas das compras: o s\u00edtio de Atibaia foi comprado em outubro de 2010.<\/p>\n\n\n\n<p>As duas condena\u00e7\u00f5es do ex-presidente Lula na Lava Jato, at\u00e9 agora, s\u00e3o relacionadas a reformas em im\u00f3veis atribu\u00eddos a ele: o tr\u00edplex em Guaruj\u00e1 (SP), que levou \u00e0 sua pris\u00e3o, e o s\u00edtio. O petista sempre negou que tivesse cometido qualquer irregularidade.<\/p>\n\n\n\n<p>Como apontado pela Folha de S.Paulo, o valor de compra do s\u00edtio de Atibaia representa menos de 1% do total de repasses suspeitos investigados pela Lava Jato na fase que investiga Lulinha. O im\u00f3vel, por\u00e9m, \u00e9 o elo para que o caso seja apurado pela for\u00e7a-tarefa de Curitiba.<\/p>\n\n\n\n<p>A investiga\u00e7\u00e3o \u00e9 diretamente vinculada \u00e0 que originou o processo que condenou Lula por corrup\u00e7\u00e3o e lavagem de dinheiro e aponta que o petista foi o principal beneficiado com a compra e obras no s\u00edtio.<\/p>\n\n\n\n<p>Uma das evid\u00eancias \u00e9 que v\u00e1rios produtos criados pelas empresas de Lulinha e Suassuna n\u00e3o obtiveram resultado comercial relevante, como a &#8220;B\u00edblia na Voz de Cid Moreira&#8221;. A Oi teve uma receita de R$ 21 mil com a comercializa\u00e7\u00e3o do produto, mas repassou R$ 16 milh\u00f5es \u00e0 Goal Discos, de Jonas Suassuna, pelo servi\u00e7o.<\/p>\n\n\n\n<p>A for\u00e7a-tarefa da Lava Jato tem elencado, al\u00e9m do s\u00edtio, outros fatores para que a investiga\u00e7\u00e3o sobre o caso seja tocada por Curitiba, como a utiliza\u00e7\u00e3o de &#8220;dezenas de provas obtidas ao longo da opera\u00e7\u00e3o&#8221;, em buscas e apreens\u00f5es, quebras de sigilo e inqu\u00e9ritos policiais.<\/p>\n\n\n\n<p>Na sexta (13), a defesa de Lulinha pediu ao Tribunal Regional Federal da 4\u00aa Regi\u00e3o que retire a investiga\u00e7\u00e3o da vara federal de Curitiba e anule a decis\u00e3o. Eles afirmam que &#8220;nada h\u00e1 na fase 69\u00aa da Opera\u00e7\u00e3o Lava Jato que aponte algum m\u00ednimo resqu\u00edcio de fraude ou desvio na Petrobras&#8221;.<\/p>\n\n\n\n<p>Lula tem negado ter cometido qualquer irregularidade e disse nas redes sociais que a opera\u00e7\u00e3o que investiga seu filho \u00e9 uma &#8220;demonstra\u00e7\u00e3o pirot\u00e9cnica de procuradores viciados em holofotes&#8221;.<\/p>\n\n\n\n<p>Ap\u00f3s a opera\u00e7\u00e3o, a Vivo afirmou que est\u00e1 fornecendo as informa\u00e7\u00f5es solicitadas e que continuar\u00e1 contribuindo com as autoridades. A Oi disse que os epis\u00f3dios citados na Lava Jato, como a fus\u00e3o com a Brasil Telecom, &#8220;n\u00e3o representaram de fato nenhum benef\u00edcio ou favorecimento a seus neg\u00f3cios&#8221; e, ao contr\u00e1rio, contribu\u00edram para a falta de liquidez que levou \u00e0 recupera\u00e7\u00e3o judicial da empresa.<\/p>\n\n\n\n<p>Jonas Suassuna n\u00e3o foi localizado. Ele tem negado ter sido beneficiado pela Oi em raz\u00e3o de suas rela\u00e7\u00f5es comerciais com o filho de Lula.<\/p>\n\n\n\n<p>Em nota assinada pelos advogados F\u00e1bio Tofic Simantob e Mariana Ortiz, a defesa de Lulinha afirmou que &#8220;as vidas de F\u00e1bio e de suas empresas j\u00e1 foram devassadas por anos a fio e nada de irregular foi apurado&#8221; e que a investiga\u00e7\u00e3o em andamento \u00e9 &#8220;um amontoado de suspeitas e insinua\u00e7\u00f5es sem nenhuma acusa\u00e7\u00e3o concreta&#8221;.<\/p>\n\n\n\n<p>Segundo os advogados, esclarecimentos sobre cada aspecto da investiga\u00e7\u00e3o ser\u00e3o prestados nos autos no momento oportuno, quando ent\u00e3o ficar\u00e1 demonstrada a lisura e corre\u00e7\u00e3o de seus atos e de suas empresas.<\/p>\n\n\n\n<p><\/p>\n\n\n\n<p>FOLHA PRESS<\/p>\n","protected":false},"excerpt":{"rendered":"<p>Al\u00e9m do s\u00edtio de Atibaia (SP), um apartamento de 335 m\u00b2 em regi\u00e3o nobre da zona sul de S\u00e3o Paulo \u00e9 apontado pela Lava Jato&hellip; <\/p>\n","protected":false},"author":1,"featured_media":140911,"comment_status":"closed","ping_status":"closed","sticky":false,"template":"","format":"standard","meta":{"sfsi_plus_gutenberg_text_before_share":"","sfsi_plus_gutenberg_show_text_before_share":"","sfsi_plus_gutenberg_icon_type":"","sfsi_plus_gutenberg_icon_alignemt":"","sfsi_plus_gutenburg_max_per_row":"","footnotes":""},"categories":[11],"tags":[],"class_list":["post-140910","post","type-post","status-publish","format-standard","has-post-thumbnail","hentry","category-politica"],"_links":{"self":[{"href":"https:\/\/www.caririemacao.com\/1\/wp-json\/wp\/v2\/posts\/140910","targetHints":{"allow":["GET"]}}],"collection":[{"href":"https:\/\/www.caririemacao.com\/1\/wp-json\/wp\/v2\/posts"}],"about":[{"href":"https:\/\/www.caririemacao.com\/1\/wp-json\/wp\/v2\/types\/post"}],"author":[{"embeddable":true,"href":"https:\/\/www.caririemacao.com\/1\/wp-json\/wp\/v2\/users\/1"}],"replies":[{"embeddable":true,"href":"https:\/\/www.caririemacao.com\/1\/wp-json\/wp\/v2\/comments?post=140910"}],"version-history":[{"count":1,"href":"https:\/\/www.caririemacao.com\/1\/wp-json\/wp\/v2\/posts\/140910\/revisions"}],"predecessor-version":[{"id":140912,"href":"https:\/\/www.caririemacao.com\/1\/wp-json\/wp\/v2\/posts\/140910\/revisions\/140912"}],"wp:featuredmedia":[{"embeddable":true,"href":"https:\/\/www.caririemacao.com\/1\/wp-json\/wp\/v2\/media\/140911"}],"wp:attachment":[{"href":"https:\/\/www.caririemacao.com\/1\/wp-json\/wp\/v2\/media?parent=140910"}],"wp:term":[{"taxonomy":"category","embeddable":true,"href":"https:\/\/www.caririemacao.com\/1\/wp-json\/wp\/v2\/categories?post=140910"},{"taxonomy":"post_tag","embeddable":true,"href":"https:\/\/www.caririemacao.com\/1\/wp-json\/wp\/v2\/tags?post=140910"}],"curies":[{"name":"wp","href":"https:\/\/api.w.org\/{rel}","templated":true}]}}