{"id":140920,"date":"2019-12-15T09:28:26","date_gmt":"2019-12-15T12:28:26","guid":{"rendered":"http:\/\/www.caririemacao.com\/1\/?p=140920"},"modified":"2019-12-15T09:28:26","modified_gmt":"2019-12-15T12:28:26","slug":"novembro-registra-menor-numero-de-mulheres-assassinadas-na-pb","status":"publish","type":"post","link":"https:\/\/www.caririemacao.com\/1\/2019\/12\/15\/novembro-registra-menor-numero-de-mulheres-assassinadas-na-pb\/","title":{"rendered":"Novembro registra menor n\u00famero de mulheres assassinadas na PB"},"content":{"rendered":"\n<div class=\"wp-block-image\"><figure class=\"alignright is-resized\"><img fetchpriority=\"high\" decoding=\"async\" src=\"https:\/\/i0.wp.com\/www.vitrinedocariri.com.br\/wp-content\/uploads\/2019\/11\/MARIA-DA-PENHA.jpeg?resize=300%2C214&amp;ssl=1\" alt=\"\" class=\"wp-image-57731\" width=\"432\" height=\"308\"\/><\/figure><\/div>\n\n\n\n<p><\/p>\n\n\n\n<p><\/p>\n\n\n\n<p><\/p>\n\n\n\n<p>Duas mulheres foram assassinadas no m\u00eas de novembro. Os dois casos est\u00e3o sendo investigados como feminic\u00eddio.<\/p>\n\n\n\n<p>Duas mulheres foram assassinadas no m\u00eas de novembro, na Para\u00edba. Os dois casos est\u00e3o sendo investigados pela Pol\u00edcia Civil como feminic\u00eddios. Al\u00e9m de novembro, o \u00fanico m\u00eas em que todas as mortes de mulheres foram consideradas feminic\u00eddios foi setembro, onde quatro mulheres foram assassinadas por quest\u00f5es de g\u00eanero. No entanto, apesar disso, novembro tem, at\u00e9 agora, o menor n\u00famero de mulheres mortas em 2019. Os dados foram obtidos por meio da Lei de Acesso \u00e0 Informa\u00e7\u00e3o, pela Secretaria de Seguran\u00e7a e Defesa Social do Estado.<\/p>\n\n\n\n<p>Em novembro, o corpo de uma mulher foi encontrado na BR-230, em Santa Rita, na Grande Jo\u00e3o Pessoa. Ela foi identificada como Gessica Silva, de 27 anos. Um feto foi encontrado ao lado do corpo da mulher, ambos em estado de decomposi\u00e7\u00e3o. A v\u00edtima estava com seis meses de gesta\u00e7\u00e3o. No entanto, a pol\u00edcia n\u00e3o tem informa\u00e7\u00f5es sobre a motiva\u00e7\u00e3o do crime.<\/p>\n\n\n\n<p>No in\u00edcio do m\u00eas de novembro, uma mulher de 33 anos foi morta com dois tiros, quando seguia para o trabalho de moto com o companheiro, no bairro Jardim Veneza, em Jo\u00e3o Pessoa. Segundo informa\u00e7\u00f5es da Pol\u00edcia Militar, os disparos aconteceram quando uma moto emparelhou com a moto em que seguia a v\u00edtima. O companheiro da mulher informou que estava em um relacionamento com ela h\u00e1 tr\u00eas meses, mesmo tempo em que ela perdeu o marido em um acidente. A pol\u00edcia informou que tem uma linha de investiga\u00e7\u00e3o tra\u00e7ada, mas ainda n\u00e3o h\u00e1 conclus\u00e3o sobre o caso.<\/p>\n\n\n\n<p>J\u00e1 em outubro, ao todo, doze mulheres foram assassinadas no estado da Para\u00edba. Destes, seis casos est\u00e3o sendo investigados como feminic\u00eddios. Segundo dados da Secretaria de Seguran\u00e7a e da Defesa Social, apesar de o n\u00famero representar 50% dos casos no m\u00eas, ele se iguala ao m\u00eas de abril como o mais violento para as mulheres, com seis mortes registradas relacionadas \u00e0 causa de g\u00eanero. Outubro tamb\u00e9m superou as estat\u00edsticas do m\u00eas de maio, que at\u00e9 ent\u00e3o tinha o maior n\u00famero de assassinatos de mulheres, independente da motiva\u00e7\u00e3o.<\/p>\n\n\n\n<p>A not\u00edcia se repete, mas o n\u00famero e a dor s\u00f3 crescem. Os casos de feminic\u00eddio seguem aumentando na Para\u00edba em 2019. Desde o in\u00edcio do ano, 35 mulheres tiveram suas vidas encerradas pelas m\u00e3os de seus ex-companheiros motivados por um sentimento de posse e, na maioria dos casos, da n\u00e3o aceita\u00e7\u00e3o do t\u00e9rmino do relacionamento ou da autonomia da mulher.<\/p>\n\n\n\n<p>Feminic\u00eddios nos meses anteriores<br>Em setembro, todos os casos de assassinatos de mulheres que foram registrados est\u00e3o sendo investigados como feminic\u00eddios. De acordo com dados da Secretaria de Estado de Seguran\u00e7a e Defesa Social, quatro mulheres foram mortas por seus companheiro ou ex-companheiros.<\/p>\n\n\n\n<p>No m\u00eas de agosto, oito mulheres foram mortas na Para\u00edba. Cinco casos est\u00e3o sendo investigados como feminic\u00eddios. Esse n\u00famero representa que 62,5% dos assassinatos de mulheres aconteceram por motiva\u00e7\u00e3o de g\u00eanero, apenas no m\u00eas de agosto.<\/p>\n\n\n\n<p>O m\u00eas de outubro lidera o ranking de mulheres assassinadas. Doze foram mortas por homic\u00eddio doloso. Seis, desse total, foram feminic\u00eddios. Na sequ\u00eancia est\u00e1 o m\u00eas de maio, com dez homic\u00eddios de mulheres e cinco feminic\u00eddios. O m\u00eas de abril se junta a outubro como o que mais teve mulheres mortas por crimes relacionados ao g\u00eanero. Nesse m\u00eas, o n\u00famero de feminic\u00eddios subiu 50% apenas em rela\u00e7\u00e3o ao primeiro trimestre do ano.<\/p>\n\n\n\n<p>S\u00f3 no primeiro semestre deste ano, 32 mulheres foram mortas por crimes letais intencionais, em toda Para\u00edba. Do total, 17 casos est\u00e3o sendo investigados como feminic\u00eddios. O n\u00famero representa 53% dos assassinatos de mulheres. Em junho, foram quatro assassinatos, sendo dois feminic\u00eddios.<br><\/p>\n","protected":false},"excerpt":{"rendered":"<p>Duas mulheres foram assassinadas no m\u00eas de novembro. Os dois casos est\u00e3o sendo investigados como feminic\u00eddio. Duas mulheres foram assassinadas no m\u00eas de novembro, na&hellip; <\/p>\n","protected":false},"author":1,"featured_media":15336,"comment_status":"closed","ping_status":"closed","sticky":false,"template":"","format":"standard","meta":{"sfsi_plus_gutenberg_text_before_share":"","sfsi_plus_gutenberg_show_text_before_share":"","sfsi_plus_gutenberg_icon_type":"","sfsi_plus_gutenberg_icon_alignemt":"","sfsi_plus_gutenburg_max_per_row":"","footnotes":""},"categories":[2],"tags":[],"class_list":["post-140920","post","type-post","status-publish","format-standard","has-post-thumbnail","hentry","category-geral"],"_links":{"self":[{"href":"https:\/\/www.caririemacao.com\/1\/wp-json\/wp\/v2\/posts\/140920","targetHints":{"allow":["GET"]}}],"collection":[{"href":"https:\/\/www.caririemacao.com\/1\/wp-json\/wp\/v2\/posts"}],"about":[{"href":"https:\/\/www.caririemacao.com\/1\/wp-json\/wp\/v2\/types\/post"}],"author":[{"embeddable":true,"href":"https:\/\/www.caririemacao.com\/1\/wp-json\/wp\/v2\/users\/1"}],"replies":[{"embeddable":true,"href":"https:\/\/www.caririemacao.com\/1\/wp-json\/wp\/v2\/comments?post=140920"}],"version-history":[{"count":1,"href":"https:\/\/www.caririemacao.com\/1\/wp-json\/wp\/v2\/posts\/140920\/revisions"}],"predecessor-version":[{"id":140921,"href":"https:\/\/www.caririemacao.com\/1\/wp-json\/wp\/v2\/posts\/140920\/revisions\/140921"}],"wp:featuredmedia":[{"embeddable":true,"href":"https:\/\/www.caririemacao.com\/1\/wp-json\/wp\/v2\/media\/15336"}],"wp:attachment":[{"href":"https:\/\/www.caririemacao.com\/1\/wp-json\/wp\/v2\/media?parent=140920"}],"wp:term":[{"taxonomy":"category","embeddable":true,"href":"https:\/\/www.caririemacao.com\/1\/wp-json\/wp\/v2\/categories?post=140920"},{"taxonomy":"post_tag","embeddable":true,"href":"https:\/\/www.caririemacao.com\/1\/wp-json\/wp\/v2\/tags?post=140920"}],"curies":[{"name":"wp","href":"https:\/\/api.w.org\/{rel}","templated":true}]}}