{"id":140922,"date":"2019-12-15T09:29:20","date_gmt":"2019-12-15T12:29:20","guid":{"rendered":"http:\/\/www.caririemacao.com\/1\/?p=140922"},"modified":"2019-12-15T09:29:20","modified_gmt":"2019-12-15T12:29:20","slug":"projeto-liderado-por-brasileira-mapeara-genoma-de-15-mil-brasileiros","status":"publish","type":"post","link":"https:\/\/www.caririemacao.com\/1\/2019\/12\/15\/projeto-liderado-por-brasileira-mapeara-genoma-de-15-mil-brasileiros\/","title":{"rendered":"Projeto liderado por brasileira mapear\u00e1 genoma de 15 mil brasileiros"},"content":{"rendered":"\n<p>Mapeamento permitir\u00e1 prevenir e tratar doen\u00e7as, al\u00e9m de mapear os ancestrais da popula\u00e7\u00e3o.<\/p>\n\n\n\n<p>O projeto DNA do Brasil, liderado por uma cientista brasileira, vai identificar as principais caracter\u00edsticas gen\u00e9ticas dos brasileiros para que seja poss\u00edvel prevenir e tratar doen\u00e7as, al\u00e9m de mapear os ancestrais da popula\u00e7\u00e3o. A inciativa, lan\u00e7ada nesta semana, ser\u00e1 o primeiro projeto de sequenciamento de DNA em larga escala no pa\u00eds e vai inserir o Brasil no mapa mundial dos estudos gen\u00f4micos.<\/p>\n\n\n\n<p>\u201cNosso projeto quer fazer um panorama geral da popula\u00e7\u00e3o brasileira como um todo, com um n\u00famero grande de brasileiros para que a gente possa fazer pesquisas mais aprofundadas tanto sobre a sa\u00fade, a gen\u00e9tica da nossa sa\u00fade, quanto tamb\u00e9m sobre a nossa origem, de como a gente se formou a partir desses grupos populacionais originais\u201d disse a professora Lygia da Veiga Pereira, da Universidade de S\u00e3o Paulo (USP), que lidera o projeto, sobre os dois eixos do estudo gen\u00f4mico. At\u00e9 o momento, menos de 0,5% das pesquisas realizadas no mundo contemplaram a popula\u00e7\u00e3o brasileira.<\/p>\n\n\n\n<p>No que diz respeito \u00e0 sa\u00fade, Lygia explicou que o sequenciamento do DNA dos brasileiros vai possibilitar \u201centender quais s\u00e3o as varia\u00e7\u00f5es gen\u00e9ticas que est\u00e3o associadas ao nosso risco de desenvolver doen\u00e7as comuns. O grande desafio da gen\u00e9tica do s\u00e9culo XXI \u00e9 entender a gen\u00e9tica da predisposi\u00e7\u00e3o para doen\u00e7as como diabetes, doen\u00e7a cardiovascular, Alzheimer, asma, depress\u00e3o, que s\u00e3o doen\u00e7as comuns. A gente n\u00e3o conhece bem a gen\u00e9tica dessas doen\u00e7as porque \u00e9 complexa, ela \u00e9 o resultado de centenas de altera\u00e7\u00f5es gen\u00e9ticas, mais o meio ambiente\u201d, explicou Lygia.<\/p>\n\n\n\n<p>Por meio do projeto, ser\u00e1 poss\u00edvel identificar genes associados a doen\u00e7as e genes associados a caracter\u00edsticas morfol\u00f3gicas \u2013 que se referem \u00e0 forma do organismo. Al\u00e9m da detec\u00e7\u00e3o da doen\u00e7a, a interpreta\u00e7\u00e3o dos testes gen\u00e9ticos vai permitir, segundo a pesquisadora, identificar a predisposi\u00e7\u00e3o \u00e0s doen\u00e7as, respostas a medicamentos e levar ao desenvolvimento de novas terapias.<\/p>\n\n\n\n<p>O custo do sequenciamento de um genoma completo caiu consideravelmente nas \u00faltimas d\u00e9cadas. (Foto: Camila Boehm\/Ag\u00eancia Brasil)<\/p>\n\n\n\n<p>Banco de dados p\u00fablico<br>Al\u00e9m de desvendar as caracter\u00edsticas do DNA dos brasileiros, o projeto tamb\u00e9m tem o objetivo de montar um banco p\u00fablico com dados gen\u00e9ticos da popula\u00e7\u00e3o brasileira que ficar\u00e1 dispon\u00edvel para pesquisadores de todo o mundo que tenham interesse em estudos da gen\u00e9tica da popula\u00e7\u00e3o do Brasil. \u201cEsse banco de dados vai poder ser explorado e garimpado para a gente fazer muita descoberta, tanto do ponto de vista de sa\u00fade, como de evolu\u00e7\u00e3o e at\u00e9 hist\u00f3rico\u201d, disse.<\/p>\n\n\n\n<p>O projeto pretende mapear o genoma de 15 mil pessoas, com idades entre 35 e 74 anos, que j\u00e1 integram a amostra do Estudo Longitudinal de Sa\u00fade do Adulto (Elsa), a maior pesquisa epidemiol\u00f3gica do pa\u00eds, financiada pelo Minist\u00e9rio da Sa\u00fade e Minist\u00e9rio da Ci\u00eancia, Tecnologia, Inova\u00e7\u00f5es e Comunica\u00e7\u00f5es. O Elsa abrange moradores dos estados da Bahia, de Minas Gerais, do Esp\u00edrito Santo, Rio de Janeiro, de S\u00e3o Paulo e do Rio Grande do Sul.<\/p>\n\n\n\n<p>Essas 15 mil pessoas t\u00eam sido acompanhadas clinicamente desde 2008 e agora as informa\u00e7\u00f5es gen\u00e9ticas ser\u00e3o agregadas a esse banco de dados, conforme elas forem assinando o termo de consentimento para participa\u00e7\u00e3o desse novo projeto. O sigilo delas est\u00e1 garantido, segundo Lygia.<\/p>\n\n\n\n<p>\u201cExiste uma s\u00e9rie de mecanismos para gente poder trabalhar com esses dados, mas de forma absolutamente an\u00f4nima. A gente precisa ter seguran\u00e7a sobre a privacidade das pessoas e ao mesmo tempo poder usar esses dados para poder fazer descobertas, descobertas que v\u00e3o impactar a sa\u00fade do brasileiro\u201d, disse ela.<\/p>\n\n\n\n<p>Para o professor Paulo Lotufo, da Faculdade de Medicina da USP e que est\u00e1 \u00e0 frente do Elsa em S\u00e3o Paulo, \u201co projeto permitiu destacar as doen\u00e7as cardiovasculares e diabetes na agenda da pesquisa epidemiol\u00f3gica no pa\u00eds. E, esse novo passo a ser dado com o DNA do Brasil nos permitir\u00e1 contribuir ainda mais para a sa\u00fade da popula\u00e7\u00e3o\u201d.<\/p>\n\n\n\n<p>Primeira etapa<br>Os recursos para sequenciar o genoma completo dos primeiros tr\u00eas mil brasileiros \u2013 que correspondem \u00e0 primeira etapa do projeto \u2013 foram garantidos pela empresa Dasa. A reportagem da Ag\u00eancia Brasil visitou o Centro de Diagn\u00f3sticos em Gen\u00f4mica da empresa, na capital paulista, onde ser\u00e3o feitos os sequenciamentos.<\/p>\n\n\n\n<p>\u201cAtualmente a gente consegue fazer o processamento de cerca de 40 genomas completos a cada dois ou tr\u00eas dias, \u00e9 uma alta capacidade que vai permitir que a gente sequencie as primeiras tr\u00eas mil amostras em seis meses e depois completar todas as 15 mil em at\u00e9 dois anos\u201d, disse Gustavo Campana, diretor-m\u00e9dico da Dasa.<\/p>\n\n\n\n<p>Campana explicou que, com a evolu\u00e7\u00e3o da tecnologia, houve uma queda no custo de sequenciamento de um genoma completo. \u201cPor exemplo, no projeto Genoma Humano [na d\u00e9cada de 1990], um \u00fanico genoma demorou 13 anos e custou mais de R$ 3 bilh\u00f5es. Hoje n\u00f3s conseguimos sequenciar um genoma em torno de 36 a 48 horas por cerca de US$ 1 mil\u201d.<\/p>\n\n\n\n<p>Para o sequenciamento dos 12 mil genomas restante, h\u00e1 uma proposta em andamento que depende da capta\u00e7\u00e3o de recursos pelo projeto. O diretor da Dasa contou que, apesar de os valores das negocia\u00e7\u00f5es serem confidenciais, a empresa tem uma proposta para realizar o restante do sequenciamento em valor abaixo do que havia sido proposto por outros laborat\u00f3rios. Uma das propostas chegou a or\u00e7ar em US$ 650 d\u00f3lares cada genoma completo sequenciado.<\/p>\n\n\n\n<p>Al\u00e9m da Dasa, outras empresas privadas est\u00e3o envolvidas para realiza\u00e7\u00e3o do projeto: a Illumina, que vai fornecer os insumos para o sequenciamento; e a Google Cloud, que vai processar os dados de sequenciamento em sua nuvem, permitindo an\u00e1lises e cruzamento de dados em escala.<\/p>\n\n\n\n<p>Ap\u00f3s a conclus\u00e3o dos primeiros 3 mil genomas, no prazo previsto de seis meses, o banco de dados j\u00e1 estar\u00e1 dispon\u00edvel para uso pelos pesquisadores. \u201cA gente vai saber exatamente aquela popula\u00e7\u00e3o que tem alto risco de diabetes, por exemplo, ou alto risco de enfartar, ent\u00e3o voc\u00ea pode fazer terap\u00eauticas mais precoces e faz preven\u00e7\u00e3o e at\u00e9 altera\u00e7\u00e3o de h\u00e1bitos de vida. Ent\u00e3o na vida de um indiv\u00edduo, no futuro, isso vai ter um impacto muito grande para deixar as pessoas mais saud\u00e1veis e n\u00e3o desenvolver as doen\u00e7as cr\u00f4nicas\u201d, finalizou Campana.<\/p>\n","protected":false},"excerpt":{"rendered":"<p>Mapeamento permitir\u00e1 prevenir e tratar doen\u00e7as, al\u00e9m de mapear os ancestrais da popula\u00e7\u00e3o. O projeto DNA do Brasil, liderado por uma cientista brasileira, vai identificar&hellip; <\/p>\n","protected":false},"author":1,"featured_media":19190,"comment_status":"closed","ping_status":"closed","sticky":false,"template":"","format":"standard","meta":{"sfsi_plus_gutenberg_text_before_share":"","sfsi_plus_gutenberg_show_text_before_share":"","sfsi_plus_gutenberg_icon_type":"","sfsi_plus_gutenberg_icon_alignemt":"","sfsi_plus_gutenburg_max_per_row":"","footnotes":""},"categories":[2],"tags":[],"class_list":["post-140922","post","type-post","status-publish","format-standard","has-post-thumbnail","hentry","category-geral"],"_links":{"self":[{"href":"https:\/\/www.caririemacao.com\/1\/wp-json\/wp\/v2\/posts\/140922","targetHints":{"allow":["GET"]}}],"collection":[{"href":"https:\/\/www.caririemacao.com\/1\/wp-json\/wp\/v2\/posts"}],"about":[{"href":"https:\/\/www.caririemacao.com\/1\/wp-json\/wp\/v2\/types\/post"}],"author":[{"embeddable":true,"href":"https:\/\/www.caririemacao.com\/1\/wp-json\/wp\/v2\/users\/1"}],"replies":[{"embeddable":true,"href":"https:\/\/www.caririemacao.com\/1\/wp-json\/wp\/v2\/comments?post=140922"}],"version-history":[{"count":1,"href":"https:\/\/www.caririemacao.com\/1\/wp-json\/wp\/v2\/posts\/140922\/revisions"}],"predecessor-version":[{"id":140923,"href":"https:\/\/www.caririemacao.com\/1\/wp-json\/wp\/v2\/posts\/140922\/revisions\/140923"}],"wp:featuredmedia":[{"embeddable":true,"href":"https:\/\/www.caririemacao.com\/1\/wp-json\/wp\/v2\/media\/19190"}],"wp:attachment":[{"href":"https:\/\/www.caririemacao.com\/1\/wp-json\/wp\/v2\/media?parent=140922"}],"wp:term":[{"taxonomy":"category","embeddable":true,"href":"https:\/\/www.caririemacao.com\/1\/wp-json\/wp\/v2\/categories?post=140922"},{"taxonomy":"post_tag","embeddable":true,"href":"https:\/\/www.caririemacao.com\/1\/wp-json\/wp\/v2\/tags?post=140922"}],"curies":[{"name":"wp","href":"https:\/\/api.w.org\/{rel}","templated":true}]}}