{"id":140924,"date":"2019-12-15T09:30:06","date_gmt":"2019-12-15T12:30:06","guid":{"rendered":"http:\/\/www.caririemacao.com\/1\/?p=140924"},"modified":"2019-12-15T09:30:06","modified_gmt":"2019-12-15T12:30:06","slug":"ibge-vendas-do-comercio-da-paraiba-tem-2a-maior-alta-do-pais","status":"publish","type":"post","link":"https:\/\/www.caririemacao.com\/1\/2019\/12\/15\/ibge-vendas-do-comercio-da-paraiba-tem-2a-maior-alta-do-pais\/","title":{"rendered":"IBGE: Vendas do com\u00e9rcio da Para\u00edba t\u00eam 2\u00aa maior alta do Pa\u00eds"},"content":{"rendered":"\n<p>As vendas do com\u00e9rcio paraibano registraram o segundo maior crescimento do Pa\u00eds no m\u00eas de outubro. Segundo dados da Pesquisa Mensal de Com\u00e9rcio (PMC), divulgados nesta quarta-feira (11) pelo Instituto Brasileiro de Geografia e Estat\u00edstica (IBGE), as vendas apresentaram alta na passagem de setembro para outubro de 1,9% nas lojas do Estado, ficando atr\u00e1s apenas do Estado do Amap\u00e1 (2,4%), enquanto o Pa\u00eds registrou estabilidade uma leve alta de 0,1% nas vendas.<\/p>\n\n\n\n<p>No volume de vendas de outubro sobre o mesmo m\u00eas do ano passado, a Para\u00edba voltou a ser destaque no cen\u00e1rio regional, ao liderar a alta entre os nove Estados do Nordeste com crescimento de 7,2%, bem \u00e0 frente dos Estados do Rio Grande do Norte (3,9%) e da Bahia (3,3%), que ficaram em segundo e terceiro lugares. O Pa\u00eds registrou m\u00e9dia semelhante a esses dois Estados com alta de 4,2%.<\/p>\n\n\n\n<p>J\u00e1 no com\u00e9rcio ampliado da Para\u00edba, que analisa os segmentos de ve\u00edculos, pe\u00e7as e materiais de constru\u00e7\u00e3o, as vendas da Para\u00edba tamb\u00e9m expandiram (3,5%) de outubro sobre o mesmo m\u00eas do ano passado, enquanto de setembro para outubro deste ano houve um crescimento de 0,8%, que foi tamb\u00e9m a mesma taxa (0,8%).<\/p>\n\n\n\n<p>Segundo o IBGE, as vendas cresceram em 18 das 27 unidades da federa\u00e7\u00e3o em outubro, com destaque para Amap\u00e1 (2,4%), Para\u00edba (1,9%) e Piau\u00ed (1,7%). J\u00e1 a maior queda foi registrada em Minas Gerais (-5,2%).<\/p>\n\n\n\n<p>Segundo a gerente da pesquisa, Isabella Nunes, o varejo est\u00e1 encerrando 2019 melhor do que iniciou. \u201cIsso por conta do quadro conjuntural mais favor\u00e1vel ao consumo, com uma melhora no mercado de trabalho, apesar de predominar a informalidade, e na massa de rendimentos.<\/p>\n\n\n\n<p>A libera\u00e7\u00e3o do FGTS e a infla\u00e7\u00e3o controlada tamb\u00e9m impulsionaram as vendas. Al\u00e9m disso, houve um aumento na concess\u00e3o de cr\u00e9dito para pessoa f\u00edsica, o que estimula a aquisi\u00e7\u00e3o de bens dur\u00e1veis\u201d, avaliou.<\/p>\n","protected":false},"excerpt":{"rendered":"<p>As vendas do com\u00e9rcio paraibano registraram o segundo maior crescimento do Pa\u00eds no m\u00eas de outubro. Segundo dados da Pesquisa Mensal de Com\u00e9rcio (PMC), divulgados&hellip; <\/p>\n","protected":false},"author":1,"featured_media":126660,"comment_status":"closed","ping_status":"closed","sticky":false,"template":"","format":"standard","meta":{"sfsi_plus_gutenberg_text_before_share":"","sfsi_plus_gutenberg_show_text_before_share":"","sfsi_plus_gutenberg_icon_type":"","sfsi_plus_gutenberg_icon_alignemt":"","sfsi_plus_gutenburg_max_per_row":"","footnotes":""},"categories":[2],"tags":[],"class_list":["post-140924","post","type-post","status-publish","format-standard","has-post-thumbnail","hentry","category-geral"],"_links":{"self":[{"href":"https:\/\/www.caririemacao.com\/1\/wp-json\/wp\/v2\/posts\/140924","targetHints":{"allow":["GET"]}}],"collection":[{"href":"https:\/\/www.caririemacao.com\/1\/wp-json\/wp\/v2\/posts"}],"about":[{"href":"https:\/\/www.caririemacao.com\/1\/wp-json\/wp\/v2\/types\/post"}],"author":[{"embeddable":true,"href":"https:\/\/www.caririemacao.com\/1\/wp-json\/wp\/v2\/users\/1"}],"replies":[{"embeddable":true,"href":"https:\/\/www.caririemacao.com\/1\/wp-json\/wp\/v2\/comments?post=140924"}],"version-history":[{"count":1,"href":"https:\/\/www.caririemacao.com\/1\/wp-json\/wp\/v2\/posts\/140924\/revisions"}],"predecessor-version":[{"id":140925,"href":"https:\/\/www.caririemacao.com\/1\/wp-json\/wp\/v2\/posts\/140924\/revisions\/140925"}],"wp:featuredmedia":[{"embeddable":true,"href":"https:\/\/www.caririemacao.com\/1\/wp-json\/wp\/v2\/media\/126660"}],"wp:attachment":[{"href":"https:\/\/www.caririemacao.com\/1\/wp-json\/wp\/v2\/media?parent=140924"}],"wp:term":[{"taxonomy":"category","embeddable":true,"href":"https:\/\/www.caririemacao.com\/1\/wp-json\/wp\/v2\/categories?post=140924"},{"taxonomy":"post_tag","embeddable":true,"href":"https:\/\/www.caririemacao.com\/1\/wp-json\/wp\/v2\/tags?post=140924"}],"curies":[{"name":"wp","href":"https:\/\/api.w.org\/{rel}","templated":true}]}}