{"id":140931,"date":"2019-12-15T09:43:54","date_gmt":"2019-12-15T12:43:54","guid":{"rendered":"http:\/\/www.caririemacao.com\/1\/?p=140931"},"modified":"2019-12-15T09:43:54","modified_gmt":"2019-12-15T12:43:54","slug":"tecnico-jesus-leva-flamengo-para-conquistar-portugal","status":"publish","type":"post","link":"https:\/\/www.caririemacao.com\/1\/2019\/12\/15\/tecnico-jesus-leva-flamengo-para-conquistar-portugal\/","title":{"rendered":"T\u00e9cnico Jesus leva Flamengo para conquistar Portugal"},"content":{"rendered":"\n<p>Quando Edimar chegou ao Braga (POR), em 2009, foi levado a uma sala por Jorge Jesus, que mostrou uma tela ao jogador brasileiro. Para a surpresa do lateral com passagens por S\u00e3o Paulo e Cruzeiro, lhe foi apresentado um v\u00eddeo de uma atua\u00e7\u00e3o sua pelo Tupi-MG contra o Atl\u00e9tico-MG na semifinal do Campeonato Mineiro que ele havia disputado.<\/p>\n\n\n\n<p>O t\u00e9cnico, ent\u00e3o, contou que tinha assistido ao jogo pelo PFC, canal pago do Grupo Globo, e decidido correr atr\u00e1s de sua contrata\u00e7\u00e3o em seguida. N\u00e3o foi um caso \u00fanico.<\/p>\n\n\n\n<p>Em sua casa na regi\u00e3o da Costa da Caparica, pr\u00f3xima a Lisboa, o comandante do Flamengo tem um est\u00fadio com diversas televis\u00f5es espalhadas. Elas est\u00e3o quase sempre sintonizadas no servi\u00e7o de pay-per-view do Brasileiro.<\/p>\n\n\n\n<p>Esse interesse, no entanto, n\u00e3o era compartilhado da mesma forma por seus compatriotas. A \u00faltima emissora portuguesa a comprar os direitos do Campeonato Brasileiro, a SIC Radical, preferiu n\u00e3o transmiti-lo em 2018 por falta de audi\u00eancia.<\/p>\n\n\n\n<p>Existe um antes e depois, contudo, nessa hist\u00f3ria. Ele foi desencadeado pela loucura que assola os portugueses desde a ida de Jorge Jesus para o Flamengo.<\/p>\n\n\n\n<p>Com o sucesso do \u201cMister\u201d no Brasil, seus passos t\u00eam sido contados diariamente em uma cobertura ampla no notici\u00e1rio local. N\u00e3o \u00e9 dif\u00edcil se deparar com o esquema t\u00e1tico rubro-negro sendo destrinchado em hor\u00e1rio nobre nas emissoras do pa\u00eds. H\u00e1 at\u00e9 comentaristas discutindo em debates na televis\u00e3o com o uniforme do clube carioca.<\/p>\n\n\n\n<p>Ficou mais f\u00e1cil ver os jogos do Flamengo tamb\u00e9m. Tr\u00eas emissoras diferentes passaram jogos da equipe em Portugal. A CMTV transmitiu a estreia de Jesus em amistoso com o Madureira, o Sport TV (canal portugu\u00eas hom\u00f4nimo da emissora brasileira) exibiu toda a campanha na Copa Libertadores e o Canal 11 mostrou os jogos do Brasileiro. Agora ser\u00e1 a vez da RTP transmitir o Mundial de Clubes.<\/p>\n\n\n\n<p>\u201cO que justifica isso \u00e9 o impacto que ele tem aqui. Existe interesse do p\u00fablico em saber o que se passa com Jesus\u201d, afirma Irene Palma, rep\u00f3rter de A Bola TV, que j\u00e1 foi enviada mais de uma vez ao Rio de Janeiro para fazer reportagens sobre o t\u00e9cnico.<\/p>\n\n\n\n<p>\u201cNunca houve um interesse t\u00e3o grande no futebol do Brasil como agora. Antes de Jesus, a maioria n\u00e3o sabia o nome de tr\u00eas jogadores do Flamengo. Havia preconceito com o futebol brasileiro porque as pessoas n\u00e3o gostavam muito do estilo, achavam desorganizado\u201d, comenta Duarte Tornesi, rep\u00f3rter do jornal O Jogo. \u201c\u00c9 por ele estar l\u00e1 que as pessoas passaram a assistir. Acredito que Jesus tenha apresentado um admir\u00e1vel mundo novo aos portugueses\u201d, completa.<\/p>\n\n\n\n<p>Essa obsess\u00e3o pelo t\u00e9cnico foi um dos fatores que motivou o Canal 11, que pertence \u00e0 Federa\u00e7\u00e3o Portuguesa de Futebol, a fechar acordos pontuais com o Flamengo e seus advers\u00e1rios para mostrar as partidas do Brasileiro.<\/p>\n\n\n\n<p>No total, foram 15 jogos transmitidos entre setembro e dezembro. Somente Palmeiras e Santos se negaram a vender seus direitos, o que impossibilitou a exibi\u00e7\u00e3o dos jogos.<\/p>\n\n\n\n<p>A aposta da emissora se mostrou acertada. Na TV paga, os confrontos do time carioca estiveram invariavelmente entre as maiores audi\u00eancias do pa\u00eds, com destaque para a vit\u00f3ria de 1 a 0 sobre o Gr\u00eamio, em 17 de novembro. Segundo dados do site Meios &amp; Publicidade, ficou na vice-lideran\u00e7a daquela semana, com 219 mil telespectadores.<\/p>\n\n\n\n<p>\u201cFoi muito bom. Nunca tinham ligado muito para a Libertadores. Pouca gente parou para ver Boca Juniors e River Plate no ano passado. Qual foi a final antes disso? Ningu\u00e9m se lembra\u201d, afirma o jornalista Pedro Sousa, apresentador do Canal 11.<\/p>\n\n\n\n<p>\u201cMas creio que o Brasil tem que se abrir mais para o mundo. N\u00e3o sei se as pessoas t\u00eam muito essa no\u00e7\u00e3o, os seus pr\u00f3prios dirigentes, de que n\u00e3o est\u00e3o sendo vistos em outros lugares\u201d, completa.<\/p>\n\n\n\n<p>Um atestado da for\u00e7a do t\u00e9cnico em Portugal \u00e9 que, mesmo do outro lado do oceano, a sua sombra segue incomodando alguns treinadores do pa\u00eds.<\/p>\n\n\n\n<p>No fim de outubro, ao escutar pergunta sobre uma suposta press\u00e3o para v\u00ea-lo substitu\u00eddo por Jorge Jesus, o t\u00e9cnico do Porto, S\u00e9rgio Concei\u00e7\u00e3o, sorriu, se levantou e abandonou coletiva.<\/p>\n\n\n\n<p>Bruno Lage, treinador do Benfica, passou por situa\u00e7\u00e3o semelhante antes de partida da Champions League e n\u00e3o escondeu a sua indigna\u00e7\u00e3o.<br>A onipresen\u00e7a do t\u00e9cnico tricampe\u00e3o portugu\u00eas na imprensa local n\u00e3o surpreende.<\/p>\n\n\n\n<p>Se por um lado ele se mostra a par do que existe de mais moderno em termos de treinamento de suas equipes, por outro, mant\u00e9m tamb\u00e9m uma faceta mais antiga em seu relacionamento com a imprensa. N\u00e3o teve assessor durante boa parte de sua carreira e intermediava ele pr\u00f3prio convites para entrevistas.<\/p>\n\n\n\n<p>\u201cN\u00e3o tenha d\u00favida de que essa aut\u00eantica loucura que se viu na cobertura do Flamengo foi potencializada por ele na rela\u00e7\u00e3o estreita que possui com jornalistas do pa\u00eds\u201d, afirma Tornesi.<\/p>\n\n\n\n<p>Uma cena comum no Rio \u00e9 v\u00ea-lo jantando em restaurantes com profissionais enviados para cobrir a sua rotina.<\/p>\n\n\n\n<p>\u201cExiste uma rela\u00e7\u00e3o de respeito. O portugu\u00eas tem muito isso. Quando est\u00e1 fora do pa\u00eds, acolhe em sua casa como se fosse a deles. \u00c9 um pouco naquela de receber bem quem veio ter comigo\u201d, descreve Irene, que diz ter acompanhado o primeiro treino de Jesus, h\u00e1 20 anos, ainda no modesto Estrela da Amadora.<\/p>\n\n\n\n<p>Foi um longo percurso para o t\u00e9cnico, que agora curte a fama enquanto embala o sonho de reconduzir o Flamengo ao t\u00edtulo mundial no Qatar.<br><\/p>\n","protected":false},"excerpt":{"rendered":"<p>Quando Edimar chegou ao Braga (POR), em 2009, foi levado a uma sala por Jorge Jesus, que mostrou uma tela ao jogador brasileiro. Para a&hellip; <\/p>\n","protected":false},"author":1,"featured_media":140932,"comment_status":"closed","ping_status":"closed","sticky":false,"template":"","format":"standard","meta":{"sfsi_plus_gutenberg_text_before_share":"","sfsi_plus_gutenberg_show_text_before_share":"","sfsi_plus_gutenberg_icon_type":"","sfsi_plus_gutenberg_icon_alignemt":"","sfsi_plus_gutenburg_max_per_row":"","footnotes":""},"categories":[13],"tags":[],"class_list":["post-140931","post","type-post","status-publish","format-standard","has-post-thumbnail","hentry","category-esportes"],"_links":{"self":[{"href":"https:\/\/www.caririemacao.com\/1\/wp-json\/wp\/v2\/posts\/140931","targetHints":{"allow":["GET"]}}],"collection":[{"href":"https:\/\/www.caririemacao.com\/1\/wp-json\/wp\/v2\/posts"}],"about":[{"href":"https:\/\/www.caririemacao.com\/1\/wp-json\/wp\/v2\/types\/post"}],"author":[{"embeddable":true,"href":"https:\/\/www.caririemacao.com\/1\/wp-json\/wp\/v2\/users\/1"}],"replies":[{"embeddable":true,"href":"https:\/\/www.caririemacao.com\/1\/wp-json\/wp\/v2\/comments?post=140931"}],"version-history":[{"count":1,"href":"https:\/\/www.caririemacao.com\/1\/wp-json\/wp\/v2\/posts\/140931\/revisions"}],"predecessor-version":[{"id":140933,"href":"https:\/\/www.caririemacao.com\/1\/wp-json\/wp\/v2\/posts\/140931\/revisions\/140933"}],"wp:featuredmedia":[{"embeddable":true,"href":"https:\/\/www.caririemacao.com\/1\/wp-json\/wp\/v2\/media\/140932"}],"wp:attachment":[{"href":"https:\/\/www.caririemacao.com\/1\/wp-json\/wp\/v2\/media?parent=140931"}],"wp:term":[{"taxonomy":"category","embeddable":true,"href":"https:\/\/www.caririemacao.com\/1\/wp-json\/wp\/v2\/categories?post=140931"},{"taxonomy":"post_tag","embeddable":true,"href":"https:\/\/www.caririemacao.com\/1\/wp-json\/wp\/v2\/tags?post=140931"}],"curies":[{"name":"wp","href":"https:\/\/api.w.org\/{rel}","templated":true}]}}