{"id":140934,"date":"2019-12-15T09:44:44","date_gmt":"2019-12-15T12:44:44","guid":{"rendered":"http:\/\/www.caririemacao.com\/1\/?p=140934"},"modified":"2019-12-15T09:44:44","modified_gmt":"2019-12-15T12:44:44","slug":"brasil-e-hoje-um-pais-favoravel-para-se-gerar-empregos-diz-bolsonaro","status":"publish","type":"post","link":"https:\/\/www.caririemacao.com\/1\/2019\/12\/15\/brasil-e-hoje-um-pais-favoravel-para-se-gerar-empregos-diz-bolsonaro\/","title":{"rendered":"&#8220;Brasil \u00e9 hoje um pa\u00eds favor\u00e1vel para se gerar empregos&#8221;, diz Bolsonaro"},"content":{"rendered":"\n<p>O presidente Jair Bolsonaro comemorou neste s\u00e1bado (14), em sua conta no Twitter, a nova marca recorde do principal \u00edndice \u00e0 vista da Bolsa brasileira, o Ibovespa, e o menor n\u00edvel do risco Brasil em sete anos.<\/p>\n\n\n\n<p>Na sexta-feira (13), O Ibovespa fechou com valoriza\u00e7\u00e3o de 0,33%, aos 112.564,86 pontos, em nova m\u00e1xima hist\u00f3rica, pelo segundo dia consecutivo.<\/p>\n\n\n\n<figure class=\"wp-block-image\"><img decoding=\"async\" data-src=\"https:\/\/www.clickpb.com.br\/media\/filer_public\/c3\/b3\/c3b3f6e5-5075-4f96-b21a-119d839fce71\/screenshot_6.jpg\" alt=\"\" src=\"data:image\/svg+xml;base64,PHN2ZyB3aWR0aD0iMSIgaGVpZ2h0PSIxIiB4bWxucz0iaHR0cDovL3d3dy53My5vcmcvMjAwMC9zdmciPjwvc3ZnPg==\" class=\"lazyload\" \/><\/figure>\n\n\n\n<p>J\u00e1 o Credit Default Swap (CDS) do Brasil caiu de 102,97 para 100,89 pontos, ficando no patamar mais baixo desde 7 de novembro de 2012 (100,25 pontos).<\/p>\n\n\n\n<p>&#8220;Durante a recess\u00e3o de 2015, o Risco Brasil, \u00edndice que acompanha a confian\u00e7a dos investidores, chegou a quase 500 pontos. Ontem o Risco atingiu 100,89 pontos, o menor n\u00edvel desde 2012, e a bolsa de valores fechou acima de 112 mil pontos, renovando sua m\u00e1xima hist\u00f3rica&#8221;, escreveu o presidente.<\/p>\n\n\n\n<p>De acordo com Bolsonaro, esses n\u00fameros sinalizam que &#8220;o Brasil \u00e9 hoje um pa\u00eds favor\u00e1vel para se investir, fazer neg\u00f3cios e gerar empregos.&#8221;<\/p>\n","protected":false},"excerpt":{"rendered":"<p>O presidente Jair Bolsonaro comemorou neste s\u00e1bado (14), em sua conta no Twitter, a nova marca recorde do principal \u00edndice \u00e0 vista da Bolsa brasileira,&hellip; <\/p>\n","protected":false},"author":1,"featured_media":104482,"comment_status":"closed","ping_status":"closed","sticky":false,"template":"","format":"standard","meta":{"sfsi_plus_gutenberg_text_before_share":"","sfsi_plus_gutenberg_show_text_before_share":"","sfsi_plus_gutenberg_icon_type":"","sfsi_plus_gutenberg_icon_alignemt":"","sfsi_plus_gutenburg_max_per_row":"","footnotes":""},"categories":[11],"tags":[],"class_list":["post-140934","post","type-post","status-publish","format-standard","has-post-thumbnail","hentry","category-politica"],"_links":{"self":[{"href":"https:\/\/www.caririemacao.com\/1\/wp-json\/wp\/v2\/posts\/140934","targetHints":{"allow":["GET"]}}],"collection":[{"href":"https:\/\/www.caririemacao.com\/1\/wp-json\/wp\/v2\/posts"}],"about":[{"href":"https:\/\/www.caririemacao.com\/1\/wp-json\/wp\/v2\/types\/post"}],"author":[{"embeddable":true,"href":"https:\/\/www.caririemacao.com\/1\/wp-json\/wp\/v2\/users\/1"}],"replies":[{"embeddable":true,"href":"https:\/\/www.caririemacao.com\/1\/wp-json\/wp\/v2\/comments?post=140934"}],"version-history":[{"count":1,"href":"https:\/\/www.caririemacao.com\/1\/wp-json\/wp\/v2\/posts\/140934\/revisions"}],"predecessor-version":[{"id":140935,"href":"https:\/\/www.caririemacao.com\/1\/wp-json\/wp\/v2\/posts\/140934\/revisions\/140935"}],"wp:featuredmedia":[{"embeddable":true,"href":"https:\/\/www.caririemacao.com\/1\/wp-json\/wp\/v2\/media\/104482"}],"wp:attachment":[{"href":"https:\/\/www.caririemacao.com\/1\/wp-json\/wp\/v2\/media?parent=140934"}],"wp:term":[{"taxonomy":"category","embeddable":true,"href":"https:\/\/www.caririemacao.com\/1\/wp-json\/wp\/v2\/categories?post=140934"},{"taxonomy":"post_tag","embeddable":true,"href":"https:\/\/www.caririemacao.com\/1\/wp-json\/wp\/v2\/tags?post=140934"}],"curies":[{"name":"wp","href":"https:\/\/api.w.org\/{rel}","templated":true}]}}