{"id":140939,"date":"2019-12-15T15:13:37","date_gmt":"2019-12-15T18:13:37","guid":{"rendered":"http:\/\/www.caririemacao.com\/1\/?p=140939"},"modified":"2019-12-15T15:13:37","modified_gmt":"2019-12-15T18:13:37","slug":"prefeitura-tera-de-doar-terreno-para-minha-casa-minha-vida-continuar","status":"publish","type":"post","link":"https:\/\/www.caririemacao.com\/1\/2019\/12\/15\/prefeitura-tera-de-doar-terreno-para-minha-casa-minha-vida-continuar\/","title":{"rendered":"Prefeitura ter\u00e1 de doar terreno para Minha Casa Minha Vida continuar"},"content":{"rendered":"\n<p>A equipe econ\u00f4mica do Governo Federal est\u00e1 reformulando o Minha Casa Minha Vida. \u00c9 o que afirma o jornal da Folha de S\u00e3o Paulo, em mat\u00e9ria deste domingo (15), onde aponta que o programa conta com dinheiro apenas para honrar as opera\u00e7\u00f5es j\u00e1 contratadas , para sobreviver, precisar\u00e1 contar com uma parceira com as prefeituras.<\/p>\n\n\n\n<p>De acordo com o jornal, os munic\u00edpios ter\u00e3o que doar terrenos para as obras da faixa 1, que \u00e9 voltada para as fam\u00edlias mais pobres.&nbsp; \u201cAs conversas fluem ainda no sentido de permitir apenas a constru\u00e7\u00e3o de empreendimentos em \u00e1reas com&nbsp;infraestrutura dispon\u00edvel&nbsp;(\u00e1gua, esgoto e vias de acesso)\u201d, diz trecho da mat\u00e9ria.<\/p>\n\n\n\n<p>Ainda conforme a FOLHA, a mudan\u00e7a trar\u00e1 uma redu\u00e7\u00e3o de 30% nos custos do programa e uma queda de quase metade dos subs\u00eddios da Uni\u00e3o.<\/p>\n\n\n\n<p>A medida n\u00e3o seria suficiente para acertar o d\u00e9ficit do programa, que precisa de mais dinheiro, vindo da Uni\u00e3o ou de remanejamento de a\u00e7\u00f5es sociais mantidas por prefeituras. De acordo com a mat\u00e9ria, apenas com essa mudan\u00e7a o Minha Casa Minha Vida poder\u00e1 ser mantido para os mais pobres.<\/p>\n\n\n\n<p>As mudan\u00e7as feitas pela equipe v\u00e3o integrar uma medida provis\u00f3ria, definida pelos Mnist\u00e9rios da Economia, da Cidade e do Desenvolvimento Regional (MDR) e ser\u00e1 enviada ao Congresso pelo presidente Jair Bolsonaro.<\/p>\n","protected":false},"excerpt":{"rendered":"<p>A equipe econ\u00f4mica do Governo Federal est\u00e1 reformulando o Minha Casa Minha Vida. \u00c9 o que afirma o jornal da Folha de S\u00e3o Paulo, em&hellip; <\/p>\n","protected":false},"author":1,"featured_media":14300,"comment_status":"closed","ping_status":"closed","sticky":false,"template":"","format":"standard","meta":{"sfsi_plus_gutenberg_text_before_share":"","sfsi_plus_gutenberg_show_text_before_share":"","sfsi_plus_gutenberg_icon_type":"","sfsi_plus_gutenberg_icon_alignemt":"","sfsi_plus_gutenburg_max_per_row":"","footnotes":""},"categories":[6],"tags":[],"class_list":["post-140939","post","type-post","status-publish","format-standard","has-post-thumbnail","hentry","category-cidades"],"_links":{"self":[{"href":"https:\/\/www.caririemacao.com\/1\/wp-json\/wp\/v2\/posts\/140939","targetHints":{"allow":["GET"]}}],"collection":[{"href":"https:\/\/www.caririemacao.com\/1\/wp-json\/wp\/v2\/posts"}],"about":[{"href":"https:\/\/www.caririemacao.com\/1\/wp-json\/wp\/v2\/types\/post"}],"author":[{"embeddable":true,"href":"https:\/\/www.caririemacao.com\/1\/wp-json\/wp\/v2\/users\/1"}],"replies":[{"embeddable":true,"href":"https:\/\/www.caririemacao.com\/1\/wp-json\/wp\/v2\/comments?post=140939"}],"version-history":[{"count":1,"href":"https:\/\/www.caririemacao.com\/1\/wp-json\/wp\/v2\/posts\/140939\/revisions"}],"predecessor-version":[{"id":140940,"href":"https:\/\/www.caririemacao.com\/1\/wp-json\/wp\/v2\/posts\/140939\/revisions\/140940"}],"wp:featuredmedia":[{"embeddable":true,"href":"https:\/\/www.caririemacao.com\/1\/wp-json\/wp\/v2\/media\/14300"}],"wp:attachment":[{"href":"https:\/\/www.caririemacao.com\/1\/wp-json\/wp\/v2\/media?parent=140939"}],"wp:term":[{"taxonomy":"category","embeddable":true,"href":"https:\/\/www.caririemacao.com\/1\/wp-json\/wp\/v2\/categories?post=140939"},{"taxonomy":"post_tag","embeddable":true,"href":"https:\/\/www.caririemacao.com\/1\/wp-json\/wp\/v2\/tags?post=140939"}],"curies":[{"name":"wp","href":"https:\/\/api.w.org\/{rel}","templated":true}]}}