{"id":140941,"date":"2019-12-15T15:14:27","date_gmt":"2019-12-15T18:14:27","guid":{"rendered":"http:\/\/www.caririemacao.com\/1\/?p=140941"},"modified":"2019-12-15T15:14:27","modified_gmt":"2019-12-15T18:14:27","slug":"joao-azevedo-nao-vou-quebrar-o-estado-simplesmente-para-fazer-demagogia","status":"publish","type":"post","link":"https:\/\/www.caririemacao.com\/1\/2019\/12\/15\/joao-azevedo-nao-vou-quebrar-o-estado-simplesmente-para-fazer-demagogia\/","title":{"rendered":"Jo\u00e3o Azevedo: \u201cN\u00e3o vou quebrar o Estado simplesmente para fazer demagogia\u201d"},"content":{"rendered":"\n<p>Em cumprimento de agenda administrativa pela regi\u00e3o do Brejo paraibano, o governador Jo\u00e3o Azev\u00eado defendeu a proposta de reforma da Previd\u00eancia dos servidores p\u00fablicos do Estado.<\/p>\n\n\n\n<p>A proposta foi encaminhada pelo Governo do Estado para a Assembleia Legislativa da Para\u00edba na segunda-feira (9).<\/p>\n\n\n\n<p>Numa das ocasi\u00f5es, Jo\u00e3o disse que \u201cn\u00e3o h\u00e1 como n\u00e3o aprovar (a reforma). \u00c9 uma obriga\u00e7\u00e3o, se n\u00e3o o Estado fica irregular. \u00c9 uma quest\u00e3o l\u00f3gica\u201d. Para o governador, este \u00e9 um tema que \u201cn\u00e3o se trata de partido pol\u00edtico\u201d.<\/p>\n\n\n\n<p>Como forma de adequar a legisla\u00e7\u00e3o estadual aos novos par\u00e2metros definidos pela reforma apresentada pelo governo federal, ele informou que a reforma j\u00e1 foi feita no Esp\u00edrito Santo, Maranh\u00e3o, Bahia e Cear\u00e1.<\/p>\n\n\n\n<p>\u2013 A discuss\u00e3o da demagogia e da hipocrisia eu n\u00e3o fa\u00e7o, n\u00e3o. Sou governador do Estado e tenho responsabilidade para com esse Estado e para com a popula\u00e7\u00e3o. N\u00e3o vou quebrar o Estado simplesmente para fazer demagogia \u2013 disse.<\/p>\n\n\n\n<p>O governador frisou que a reforma \u00e9 necess\u00e1ria, e que por isso a defende: \u201cEstou para governar. N\u00e3o estou para fazer acordo com meia d\u00fazia. Estou aqui para dizer que n\u00e3o serei fantoche de quem quer que seja\u201d.<\/p>\n\n\n\n<p>\u2013 Vou continuar governando este Estado e tomando as decis\u00f5es. N\u00e3o tenho a preocupa\u00e7\u00e3o de agradar a todo mundo. Jesus Cristo n\u00e3o agradou todo mundo, imagine eu? Esse Estado vai continuar avan\u00e7ando \u2013 finalizou.<\/p>\n","protected":false},"excerpt":{"rendered":"<p>Em cumprimento de agenda administrativa pela regi\u00e3o do Brejo paraibano, o governador Jo\u00e3o Azev\u00eado defendeu a proposta de reforma da Previd\u00eancia dos servidores p\u00fablicos do&hellip; <\/p>\n","protected":false},"author":1,"featured_media":95024,"comment_status":"closed","ping_status":"closed","sticky":false,"template":"","format":"standard","meta":{"sfsi_plus_gutenberg_text_before_share":"","sfsi_plus_gutenberg_show_text_before_share":"","sfsi_plus_gutenberg_icon_type":"","sfsi_plus_gutenberg_icon_alignemt":"","sfsi_plus_gutenburg_max_per_row":"","footnotes":""},"categories":[11],"tags":[],"class_list":["post-140941","post","type-post","status-publish","format-standard","has-post-thumbnail","hentry","category-politica"],"_links":{"self":[{"href":"https:\/\/www.caririemacao.com\/1\/wp-json\/wp\/v2\/posts\/140941","targetHints":{"allow":["GET"]}}],"collection":[{"href":"https:\/\/www.caririemacao.com\/1\/wp-json\/wp\/v2\/posts"}],"about":[{"href":"https:\/\/www.caririemacao.com\/1\/wp-json\/wp\/v2\/types\/post"}],"author":[{"embeddable":true,"href":"https:\/\/www.caririemacao.com\/1\/wp-json\/wp\/v2\/users\/1"}],"replies":[{"embeddable":true,"href":"https:\/\/www.caririemacao.com\/1\/wp-json\/wp\/v2\/comments?post=140941"}],"version-history":[{"count":1,"href":"https:\/\/www.caririemacao.com\/1\/wp-json\/wp\/v2\/posts\/140941\/revisions"}],"predecessor-version":[{"id":140942,"href":"https:\/\/www.caririemacao.com\/1\/wp-json\/wp\/v2\/posts\/140941\/revisions\/140942"}],"wp:featuredmedia":[{"embeddable":true,"href":"https:\/\/www.caririemacao.com\/1\/wp-json\/wp\/v2\/media\/95024"}],"wp:attachment":[{"href":"https:\/\/www.caririemacao.com\/1\/wp-json\/wp\/v2\/media?parent=140941"}],"wp:term":[{"taxonomy":"category","embeddable":true,"href":"https:\/\/www.caririemacao.com\/1\/wp-json\/wp\/v2\/categories?post=140941"},{"taxonomy":"post_tag","embeddable":true,"href":"https:\/\/www.caririemacao.com\/1\/wp-json\/wp\/v2\/tags?post=140941"}],"curies":[{"name":"wp","href":"https:\/\/api.w.org\/{rel}","templated":true}]}}