{"id":140948,"date":"2019-12-16T07:36:43","date_gmt":"2019-12-16T10:36:43","guid":{"rendered":"http:\/\/www.caririemacao.com\/1\/?p=140948"},"modified":"2019-12-16T07:36:43","modified_gmt":"2019-12-16T10:36:43","slug":"veja-video-prefeita-de-cidade-do-cariri-solta-a-voz-durante-confraternizacao-de-funcionarios","status":"publish","type":"post","link":"https:\/\/www.caririemacao.com\/1\/2019\/12\/16\/veja-video-prefeita-de-cidade-do-cariri-solta-a-voz-durante-confraternizacao-de-funcionarios\/","title":{"rendered":"Veja v\u00eddeo: prefeita de cidade do Cariri solta \u00e0 voz durante confraterniza\u00e7\u00e3o de funcion\u00e1rios"},"content":{"rendered":"\n<p>A prefeita de Monteiro, Anna Lorena mostrou que quem nasce em Monteiro, terra de grandes artistas, carrega no sangue um pouco desse legado musical. Na \u00faltima sexta-feira (13), durante confraterniza\u00e7\u00e3o dos servidores do munic\u00edpio e do Governo do Estado, em Monteiro, Lorena subiu ao palco ao lado do cantor Adriano Silva, filho de Monteiro e soltou \u00e0 voz.<\/p>\n\n\n\n<p><strong>Veja o v\u00eddeo:<\/strong><\/p>\n\n\n\n<figure><iframe data-src=\"http:\/\/www.youtube.com\/embed\/vit_TsCFw0g?version=3&amp;rel=1&amp;fs=1&amp;autohide=2&amp;showsearch=0&amp;showinfo=1&amp;iv_load_policy=1&amp;wmode=transparent\" allowfullscreen=\"true\" src=\"data:image\/svg+xml;base64,PHN2ZyB3aWR0aD0iMSIgaGVpZ2h0PSIxIiB4bWxucz0iaHR0cDovL3d3dy53My5vcmcvMjAwMC9zdmciPjwvc3ZnPg==\" class=\"lazyload\" data-load-mode=\"1\"><\/iframe><\/figure>\n\n\n\n<p><strong>Blog do Bruno Lira<\/strong><\/p>\n","protected":false},"excerpt":{"rendered":"<p>A prefeita de Monteiro, Anna Lorena mostrou que quem nasce em Monteiro, terra de grandes artistas, carrega no sangue um pouco desse legado musical. Na&hellip; <\/p>\n","protected":false},"author":1,"featured_media":12074,"comment_status":"closed","ping_status":"closed","sticky":false,"template":"","format":"standard","meta":{"sfsi_plus_gutenberg_text_before_share":"","sfsi_plus_gutenberg_show_text_before_share":"","sfsi_plus_gutenberg_icon_type":"","sfsi_plus_gutenberg_icon_alignemt":"","sfsi_plus_gutenburg_max_per_row":"","footnotes":""},"categories":[6,50],"tags":[],"class_list":["post-140948","post","type-post","status-publish","format-standard","has-post-thumbnail","hentry","category-cidades","category-destaque"],"_links":{"self":[{"href":"https:\/\/www.caririemacao.com\/1\/wp-json\/wp\/v2\/posts\/140948","targetHints":{"allow":["GET"]}}],"collection":[{"href":"https:\/\/www.caririemacao.com\/1\/wp-json\/wp\/v2\/posts"}],"about":[{"href":"https:\/\/www.caririemacao.com\/1\/wp-json\/wp\/v2\/types\/post"}],"author":[{"embeddable":true,"href":"https:\/\/www.caririemacao.com\/1\/wp-json\/wp\/v2\/users\/1"}],"replies":[{"embeddable":true,"href":"https:\/\/www.caririemacao.com\/1\/wp-json\/wp\/v2\/comments?post=140948"}],"version-history":[{"count":1,"href":"https:\/\/www.caririemacao.com\/1\/wp-json\/wp\/v2\/posts\/140948\/revisions"}],"predecessor-version":[{"id":140958,"href":"https:\/\/www.caririemacao.com\/1\/wp-json\/wp\/v2\/posts\/140948\/revisions\/140958"}],"wp:featuredmedia":[{"embeddable":true,"href":"https:\/\/www.caririemacao.com\/1\/wp-json\/wp\/v2\/media\/12074"}],"wp:attachment":[{"href":"https:\/\/www.caririemacao.com\/1\/wp-json\/wp\/v2\/media?parent=140948"}],"wp:term":[{"taxonomy":"category","embeddable":true,"href":"https:\/\/www.caririemacao.com\/1\/wp-json\/wp\/v2\/categories?post=140948"},{"taxonomy":"post_tag","embeddable":true,"href":"https:\/\/www.caririemacao.com\/1\/wp-json\/wp\/v2\/tags?post=140948"}],"curies":[{"name":"wp","href":"https:\/\/api.w.org\/{rel}","templated":true}]}}