{"id":140949,"date":"2019-12-15T22:59:56","date_gmt":"2019-12-16T01:59:56","guid":{"rendered":"http:\/\/www.caririemacao.com\/1\/?p=140949"},"modified":"2019-12-15T22:59:56","modified_gmt":"2019-12-16T01:59:56","slug":"ze-marcos-nega-que-tenha-abortado-candidatura-em-sje","status":"publish","type":"post","link":"https:\/\/www.caririemacao.com\/1\/2019\/12\/15\/ze-marcos-nega-que-tenha-abortado-candidatura-em-sje\/","title":{"rendered":"Z\u00e9 Marcos nega que tenha abortado candidatura em SJE"},"content":{"rendered":"\n<p><strong>NOTA<\/strong><br><\/p>\n\n\n\n<p>Reafirmo que estou candidato a prefeito de nossa cidade e que o grupo de oposi\u00e7\u00e3o a Evandro Valadares continua firme, forte e unido. <\/p>\n\n\n\n<p>\u201cO eleitor precisa estar atento que o prefeito candidato \u00e0 reelei\u00e7\u00e3o,se for, corre o risco de destruir ainda mais a economia de nossa cidade.\u201d<br><\/p>\n\n\n\n<p>Amigos, n\u00e3o nos d\u00e1 medo saber que as contas da prefeitura disp\u00f5em de mais de 10 milh\u00f5es de reais, nos preocupamos com a falta de compromisso em aplicarem bem estes recursos e honrar com os pagamentos de sal\u00e1rios, pens\u00f5es, FUNDED e de fornecedores que est\u00e3o sem receber.<br>Tudo \u00e9 quest\u00e3o de fase, tudo tem seu tempo! \u201cCalma, \u00e9 quest\u00e3o de tempo, tudo vai voltar a dar certo \u201c.<br><\/p>\n\n\n\n<p><strong>JOS\u00c9 MARCOS<\/strong><\/p>\n\n\n\n<p><\/p>\n\n\n\n<p>Mais Paje\u00fa <\/p>\n","protected":false},"excerpt":{"rendered":"<p>NOTA Reafirmo que estou candidato a prefeito de nossa cidade e que o grupo de oposi\u00e7\u00e3o a Evandro Valadares continua firme, forte e unido. \u201cO&hellip; <\/p>\n","protected":false},"author":1,"featured_media":140951,"comment_status":"closed","ping_status":"closed","sticky":false,"template":"","format":"standard","meta":{"sfsi_plus_gutenberg_text_before_share":"","sfsi_plus_gutenberg_show_text_before_share":"","sfsi_plus_gutenberg_icon_type":"","sfsi_plus_gutenberg_icon_alignemt":"","sfsi_plus_gutenburg_max_per_row":"","footnotes":""},"categories":[6],"tags":[],"class_list":["post-140949","post","type-post","status-publish","format-standard","has-post-thumbnail","hentry","category-cidades"],"_links":{"self":[{"href":"https:\/\/www.caririemacao.com\/1\/wp-json\/wp\/v2\/posts\/140949","targetHints":{"allow":["GET"]}}],"collection":[{"href":"https:\/\/www.caririemacao.com\/1\/wp-json\/wp\/v2\/posts"}],"about":[{"href":"https:\/\/www.caririemacao.com\/1\/wp-json\/wp\/v2\/types\/post"}],"author":[{"embeddable":true,"href":"https:\/\/www.caririemacao.com\/1\/wp-json\/wp\/v2\/users\/1"}],"replies":[{"embeddable":true,"href":"https:\/\/www.caririemacao.com\/1\/wp-json\/wp\/v2\/comments?post=140949"}],"version-history":[{"count":1,"href":"https:\/\/www.caririemacao.com\/1\/wp-json\/wp\/v2\/posts\/140949\/revisions"}],"predecessor-version":[{"id":140952,"href":"https:\/\/www.caririemacao.com\/1\/wp-json\/wp\/v2\/posts\/140949\/revisions\/140952"}],"wp:featuredmedia":[{"embeddable":true,"href":"https:\/\/www.caririemacao.com\/1\/wp-json\/wp\/v2\/media\/140951"}],"wp:attachment":[{"href":"https:\/\/www.caririemacao.com\/1\/wp-json\/wp\/v2\/media?parent=140949"}],"wp:term":[{"taxonomy":"category","embeddable":true,"href":"https:\/\/www.caririemacao.com\/1\/wp-json\/wp\/v2\/categories?post=140949"},{"taxonomy":"post_tag","embeddable":true,"href":"https:\/\/www.caririemacao.com\/1\/wp-json\/wp\/v2\/tags?post=140949"}],"curies":[{"name":"wp","href":"https:\/\/api.w.org\/{rel}","templated":true}]}}