{"id":140967,"date":"2019-12-16T07:42:07","date_gmt":"2019-12-16T10:42:07","guid":{"rendered":"http:\/\/www.caririemacao.com\/1\/?p=140967"},"modified":"2019-12-16T07:42:07","modified_gmt":"2019-12-16T10:42:07","slug":"caixa-comeca-a-pagar-hoje-o-auxilio-emergencial-a-pescadores","status":"publish","type":"post","link":"https:\/\/www.caririemacao.com\/1\/2019\/12\/16\/caixa-comeca-a-pagar-hoje-o-auxilio-emergencial-a-pescadores\/","title":{"rendered":"Caixa come\u00e7a a pagar hoje o aux\u00edlio emergencial a pescadores"},"content":{"rendered":"\n<p>A Caixa come\u00e7a a pagar hoje (16) a primeira parcela do Aux\u00edlio Emergencial Pecuni\u00e1rio para os pescadores profissionais artesanais de munic\u00edpios da costa brasileira afetados pelo derramamento de petr\u00f3leo. O Aux\u00edlio Emergencial \u00e9 um benef\u00edcio financeiro possibilitado pela Medida Provis\u00f3ria (MP) n\u00ba 908\/2019, editada pelo governo federal no dia 29 de novembro.<\/p>\n\n\n\n<p>Cerca de 65 mil pescadores ativos no Registro Geral da Atividade Pesqueira que tiveram sua atividade profissional prejudicada at\u00e9 a data da edi\u00e7\u00e3o da MP poder\u00e3o receber o benef\u00edcio de R$ 1.996, pago em duas parcelas de R$ 998 cada.<\/p>\n\n\n\n<p>Os pagamentos seguem o calend\u00e1rio de escalonamento dos benef\u00edcios sociais, como o Bolsa Fam\u00edlia, que estipula o dia do saque conforme o final do N\u00famero de Identifica\u00e7\u00e3o Social (NIS) do benefici\u00e1rio.<\/p>\n\n\n\n<p>Os trabalhadores poder\u00e3o sacar os valores, utilizando o cart\u00e3o social, em qualquer canal da Caixa, como casas lot\u00e9ricas, terminais de autoatendimento e correspondentes Caixa Aqui. Quem n\u00e3o tem o cart\u00e3o poder\u00e1 sacar em qualquer ag\u00eancia do banco com a apresenta\u00e7\u00e3o de documento de identifica\u00e7\u00e3o com foto.<\/p>\n\n\n\n<p>O direito ao aux\u00edlio emergencial pecuni\u00e1rio n\u00e3o interfere no recebimento de demais benef\u00edcios financeiros aos quais o pescador tenha acesso, como o Programa Bolsa Fam\u00edlia ou Seguro Defeso, e o saque poder\u00e1 ser feito no mesmo momento do pagamento dos demais programas.<\/p>\n\n\n\n<p>A identifica\u00e7\u00e3o, registro e publica\u00e7\u00e3o de listagem, em s\u00edtio eletr\u00f4nico, dos munic\u00edpios atingidos pelas manchas de \u00f3leo \u00e9 realizada pelo Instituto Brasileiro do Meio Ambiente e dos Recursos Naturais Renov\u00e1veis (Ibama).<\/p>\n\n\n\n<p>A Caixa esclarece que a sele\u00e7\u00e3o do p\u00fablico-alvo de pescadores eleg\u00edveis ao recebimento do benef\u00edcio \u00e9 de responsabilidade do Minist\u00e9rio da Agricultura, Pecu\u00e1ria e Abastecimento (Mapa). As d\u00favidas e informa\u00e7\u00f5es referentes aos crit\u00e9rios de elegibilidade e sele\u00e7\u00e3o dos pescadores s\u00e3o tratadas por meio dos canais de comunica\u00e7\u00e3o daquele minist\u00e9rio.<\/p>\n\n\n\n<p>A Caixa disponibiliza atendimento aos benefici\u00e1rios por meio do telefone 0800-726-0207, para informa\u00e7\u00f5es referentes aos pagamentos. Demais informa\u00e7\u00f5es est\u00e3o dispon\u00edveis na&nbsp;<a href=\"http:\/\/www.agricultura.gov.br\/noticias\/mais-de-65-mil-pescadores-artesanais-atingidos-por-manchas-de-oleo-irao-receber-auxilio-emergencial\" target=\"_blank\" rel=\"noreferrer noopener\">p\u00e1gina do Mapa<\/a>.<\/p>\n\n\n\n<p>Com EBC<\/p>\n","protected":false},"excerpt":{"rendered":"<p>A Caixa come\u00e7a a pagar hoje (16) a primeira parcela do Aux\u00edlio Emergencial Pecuni\u00e1rio para os pescadores profissionais artesanais de munic\u00edpios da costa brasileira afetados&hellip; <\/p>\n","protected":false},"author":1,"featured_media":140968,"comment_status":"closed","ping_status":"closed","sticky":false,"template":"","format":"standard","meta":{"sfsi_plus_gutenberg_text_before_share":"","sfsi_plus_gutenberg_show_text_before_share":"","sfsi_plus_gutenberg_icon_type":"","sfsi_plus_gutenberg_icon_alignemt":"","sfsi_plus_gutenburg_max_per_row":"","footnotes":""},"categories":[2],"tags":[],"class_list":["post-140967","post","type-post","status-publish","format-standard","has-post-thumbnail","hentry","category-geral"],"_links":{"self":[{"href":"https:\/\/www.caririemacao.com\/1\/wp-json\/wp\/v2\/posts\/140967","targetHints":{"allow":["GET"]}}],"collection":[{"href":"https:\/\/www.caririemacao.com\/1\/wp-json\/wp\/v2\/posts"}],"about":[{"href":"https:\/\/www.caririemacao.com\/1\/wp-json\/wp\/v2\/types\/post"}],"author":[{"embeddable":true,"href":"https:\/\/www.caririemacao.com\/1\/wp-json\/wp\/v2\/users\/1"}],"replies":[{"embeddable":true,"href":"https:\/\/www.caririemacao.com\/1\/wp-json\/wp\/v2\/comments?post=140967"}],"version-history":[{"count":1,"href":"https:\/\/www.caririemacao.com\/1\/wp-json\/wp\/v2\/posts\/140967\/revisions"}],"predecessor-version":[{"id":140969,"href":"https:\/\/www.caririemacao.com\/1\/wp-json\/wp\/v2\/posts\/140967\/revisions\/140969"}],"wp:featuredmedia":[{"embeddable":true,"href":"https:\/\/www.caririemacao.com\/1\/wp-json\/wp\/v2\/media\/140968"}],"wp:attachment":[{"href":"https:\/\/www.caririemacao.com\/1\/wp-json\/wp\/v2\/media?parent=140967"}],"wp:term":[{"taxonomy":"category","embeddable":true,"href":"https:\/\/www.caririemacao.com\/1\/wp-json\/wp\/v2\/categories?post=140967"},{"taxonomy":"post_tag","embeddable":true,"href":"https:\/\/www.caririemacao.com\/1\/wp-json\/wp\/v2\/tags?post=140967"}],"curies":[{"name":"wp","href":"https:\/\/api.w.org\/{rel}","templated":true}]}}