{"id":140972,"date":"2019-12-16T07:46:16","date_gmt":"2019-12-16T10:46:16","guid":{"rendered":"http:\/\/www.caririemacao.com\/1\/?p=140972"},"modified":"2019-12-16T07:46:16","modified_gmt":"2019-12-16T10:46:16","slug":"lutador-de-jiu-jitsu-da-pb-e-preso-por-homicidio","status":"publish","type":"post","link":"https:\/\/www.caririemacao.com\/1\/2019\/12\/16\/lutador-de-jiu-jitsu-da-pb-e-preso-por-homicidio\/","title":{"rendered":"Lutador de jiu-jitsu da PB \u00e9 preso por homic\u00eddio"},"content":{"rendered":"\n<p>Um lutador de jiu-jitsu foi preso na noite deste s\u00e1bado (14) ap\u00f3s ser apontado como suspeito de praticar um homic\u00eddio na cidade do Catol\u00e9 do Rocha, no interior da Para\u00edba.&nbsp;Wilson Batista Filho foi localizado na cidade de S\u00e3o Lu\u00eds (MA), durante uma a\u00e7\u00e3o realizada por policiais civis da Para\u00edba e do Maranh\u00e3o.<\/p>\n\n\n\n<p>Segundo informa\u00e7\u00f5es repassadas pelo delegado Silvio Rabelo, da Delegacia do Catol\u00e9 do Rocha, o lutador teve a pris\u00e3o decretada pela Justi\u00e7a da Para\u00edba ap\u00f3s investiga\u00e7\u00f5es apontarem que ele \u00e9 o autor da morte de Francisco Ferreira da Silva Filho, ocorrida no dia 31 de outubro deste ano. A v\u00edtima possu\u00eda 43 anos de idade.<\/p>\n\n\n\n<p>Ainda de acordo com o delegado, Wilson foi preso instantes de participar de um evento de artes marciais, dentro de um shopping de S\u00e3o Luis.<\/p>\n\n\n\n<p>\u201cEle foi preso pela equipe de Policiais Civis de S\u00e3o Lu\u00eds, que j\u00e1 o aguardava devido \u00e0s informa\u00e7\u00f5es repassadas pela equipe do Grupo T\u00e1tico Especial da Delegacia de Catol\u00e9 do Rocha \u201c, afirmou o delegado.<\/p>\n\n\n\n<p>De acordo com a Pol\u00edcia Civil, o homic\u00eddio ocorreu ap\u00f3s o lutador imobilizar e aplicar v\u00e1rios socos na v\u00edtima, que teve les\u00f5es em v\u00e1rias \u00e1reas do corpo. Francisco ainda chegou a ser socorrido, mas foi a \u00f3bito .<\/p>\n\n\n\n<p>\u201cOs relatos s\u00e3o de que a v\u00edtima e o acusado eram inimigos e essa inmizade pode ter sido a motiva\u00e7\u00e3o do delito\u201d, acrescentou Rabelo.&nbsp;Ap\u00f3s os procedimentos legais, o preso ser\u00e1 encaminhado para a Para\u00edba, onde ser\u00e1 interrogado e apresentado ao Poder Judici\u00e1rio.<\/p>\n\n\n\n<p><strong>MaisPB<\/strong><\/p>\n","protected":false},"excerpt":{"rendered":"<p>Um lutador de jiu-jitsu foi preso na noite deste s\u00e1bado (14) ap\u00f3s ser apontado como suspeito de praticar um homic\u00eddio na cidade do Catol\u00e9 do&hellip; <\/p>\n","protected":false},"author":1,"featured_media":128793,"comment_status":"closed","ping_status":"closed","sticky":false,"template":"","format":"standard","meta":{"sfsi_plus_gutenberg_text_before_share":"","sfsi_plus_gutenberg_show_text_before_share":"","sfsi_plus_gutenberg_icon_type":"","sfsi_plus_gutenberg_icon_alignemt":"","sfsi_plus_gutenburg_max_per_row":"","footnotes":""},"categories":[12],"tags":[],"class_list":["post-140972","post","type-post","status-publish","format-standard","has-post-thumbnail","hentry","category-policia"],"_links":{"self":[{"href":"https:\/\/www.caririemacao.com\/1\/wp-json\/wp\/v2\/posts\/140972","targetHints":{"allow":["GET"]}}],"collection":[{"href":"https:\/\/www.caririemacao.com\/1\/wp-json\/wp\/v2\/posts"}],"about":[{"href":"https:\/\/www.caririemacao.com\/1\/wp-json\/wp\/v2\/types\/post"}],"author":[{"embeddable":true,"href":"https:\/\/www.caririemacao.com\/1\/wp-json\/wp\/v2\/users\/1"}],"replies":[{"embeddable":true,"href":"https:\/\/www.caririemacao.com\/1\/wp-json\/wp\/v2\/comments?post=140972"}],"version-history":[{"count":1,"href":"https:\/\/www.caririemacao.com\/1\/wp-json\/wp\/v2\/posts\/140972\/revisions"}],"predecessor-version":[{"id":140973,"href":"https:\/\/www.caririemacao.com\/1\/wp-json\/wp\/v2\/posts\/140972\/revisions\/140973"}],"wp:featuredmedia":[{"embeddable":true,"href":"https:\/\/www.caririemacao.com\/1\/wp-json\/wp\/v2\/media\/128793"}],"wp:attachment":[{"href":"https:\/\/www.caririemacao.com\/1\/wp-json\/wp\/v2\/media?parent=140972"}],"wp:term":[{"taxonomy":"category","embeddable":true,"href":"https:\/\/www.caririemacao.com\/1\/wp-json\/wp\/v2\/categories?post=140972"},{"taxonomy":"post_tag","embeddable":true,"href":"https:\/\/www.caririemacao.com\/1\/wp-json\/wp\/v2\/tags?post=140972"}],"curies":[{"name":"wp","href":"https:\/\/api.w.org\/{rel}","templated":true}]}}