{"id":140982,"date":"2019-12-16T07:50:04","date_gmt":"2019-12-16T10:50:04","guid":{"rendered":"http:\/\/www.caririemacao.com\/1\/?p=140982"},"modified":"2019-12-16T07:50:04","modified_gmt":"2019-12-16T10:50:04","slug":"prefeitura-de-gurinhem-inscreve-para-processo-seletivo-ate-esta-quarta-feira","status":"publish","type":"post","link":"https:\/\/www.caririemacao.com\/1\/2019\/12\/16\/prefeitura-de-gurinhem-inscreve-para-processo-seletivo-ate-esta-quarta-feira\/","title":{"rendered":"Prefeitura de Gurinh\u00e9m inscreve para processo seletivo at\u00e9 esta quarta-feira"},"content":{"rendered":"\n<p>A Prefeitura de Gurinh\u00e9m inscreve at\u00e9 esta quarta-feira (18), para o processo seletivo simplicativo com 40 vagas&nbsp;de n\u00edveis m\u00e9dio, t\u00e9cnico e superior. Os sal\u00e1rios variam de R$ 998 a R$ 1.200.<\/p>\n\n\n\n<p><a href=\"https:\/\/www.clickpb.com.br\/media\/filer_public\/2d\/4f\/2d4f654e-937b-4d14-b177-751d037e120f\/edital_normativo_gurinhem_pss_001_2019.pdf\">Confira o edital<\/a><\/p>\n\n\n\n<p>Os interessados poder\u00e3o se inscrever, no&nbsp;<a href=\"https:\/\/cpcon.uepb.edu.br\/concursos\/2019_PM_GURINHEM_PSS\/\">site da empresa organizadora<\/a>&nbsp;do certame.&nbsp;&nbsp;A taxa de inscri\u00e7\u00e3o custa R$ 85 para cargos de n\u00edveis m\u00e9dio e t\u00e9cnico e R$ 105 para cargos de n\u00edvel superior.<\/p>\n\n\n\n<p>O cargo com mais vagas \u00e9 o t\u00e9cnico em enfermagem &#8211; pronto atendimento, com oito oportunidades para pessoas com n\u00edvel m\u00e9dio completo, mais curso t\u00e9cnico em enfermagem e registro no conselho de classe. Todos os cargos de n\u00edvel superior possuem o mesmo sal\u00e1rio, de R$ 1,2 mil, exceto o de m\u00e9dico plantonista, cujo sal\u00e1rio \u00e9 R$ 750 para plant\u00f5es de 12 horas.<\/p>\n\n\n\n<p>Tamb\u00e9m h\u00e1 vagas para facilitador de arte e cultura, facilitador de m\u00fasica, facilitador de esportes, condutor socorrista, orientador social, visitador do Programa Crian\u00e7a Feliz, assistente social, advogado\/procurador jur\u00eddico, coordenador do Programa Crian\u00e7a Feliz, coordenador do CRAS, enfermeiro SAMU, enfermeiro pronto atendimento, educador f\u00edsico, fisioterapeuta, fonoaudi\u00f3logo, nutricionista, psic\u00f3logo e pedagogo.<\/p>\n\n\n\n<p>As provas objetivas est\u00e3o previstas para acontecer no dia 16 de fevereiro de 2020.<\/p>\n","protected":false},"excerpt":{"rendered":"<p>A Prefeitura de Gurinh\u00e9m inscreve at\u00e9 esta quarta-feira (18), para o processo seletivo simplicativo com 40 vagas&nbsp;de n\u00edveis m\u00e9dio, t\u00e9cnico e superior. Os sal\u00e1rios variam&hellip; <\/p>\n","protected":false},"author":1,"featured_media":140983,"comment_status":"closed","ping_status":"closed","sticky":false,"template":"","format":"standard","meta":{"sfsi_plus_gutenberg_text_before_share":"","sfsi_plus_gutenberg_show_text_before_share":"","sfsi_plus_gutenberg_icon_type":"","sfsi_plus_gutenberg_icon_alignemt":"","sfsi_plus_gutenburg_max_per_row":"","footnotes":""},"categories":[6],"tags":[],"class_list":["post-140982","post","type-post","status-publish","format-standard","has-post-thumbnail","hentry","category-cidades"],"_links":{"self":[{"href":"https:\/\/www.caririemacao.com\/1\/wp-json\/wp\/v2\/posts\/140982","targetHints":{"allow":["GET"]}}],"collection":[{"href":"https:\/\/www.caririemacao.com\/1\/wp-json\/wp\/v2\/posts"}],"about":[{"href":"https:\/\/www.caririemacao.com\/1\/wp-json\/wp\/v2\/types\/post"}],"author":[{"embeddable":true,"href":"https:\/\/www.caririemacao.com\/1\/wp-json\/wp\/v2\/users\/1"}],"replies":[{"embeddable":true,"href":"https:\/\/www.caririemacao.com\/1\/wp-json\/wp\/v2\/comments?post=140982"}],"version-history":[{"count":1,"href":"https:\/\/www.caririemacao.com\/1\/wp-json\/wp\/v2\/posts\/140982\/revisions"}],"predecessor-version":[{"id":140984,"href":"https:\/\/www.caririemacao.com\/1\/wp-json\/wp\/v2\/posts\/140982\/revisions\/140984"}],"wp:featuredmedia":[{"embeddable":true,"href":"https:\/\/www.caririemacao.com\/1\/wp-json\/wp\/v2\/media\/140983"}],"wp:attachment":[{"href":"https:\/\/www.caririemacao.com\/1\/wp-json\/wp\/v2\/media?parent=140982"}],"wp:term":[{"taxonomy":"category","embeddable":true,"href":"https:\/\/www.caririemacao.com\/1\/wp-json\/wp\/v2\/categories?post=140982"},{"taxonomy":"post_tag","embeddable":true,"href":"https:\/\/www.caririemacao.com\/1\/wp-json\/wp\/v2\/tags?post=140982"}],"curies":[{"name":"wp","href":"https:\/\/api.w.org\/{rel}","templated":true}]}}