{"id":140987,"date":"2019-12-16T07:53:23","date_gmt":"2019-12-16T10:53:23","guid":{"rendered":"http:\/\/www.caririemacao.com\/1\/?p=140987"},"modified":"2019-12-16T07:53:23","modified_gmt":"2019-12-16T10:53:23","slug":"joao-azevedo-a-discussao-da-hipocrisia-eu-nao-faco","status":"publish","type":"post","link":"https:\/\/www.caririemacao.com\/1\/2019\/12\/16\/joao-azevedo-a-discussao-da-hipocrisia-eu-nao-faco\/","title":{"rendered":"Jo\u00e3o Azevedo: \u201cA discuss\u00e3o da hipocrisia, eu n\u00e3o fa\u00e7o\u201d"},"content":{"rendered":"\n<p>No primeiro pronunciamento que fez sobre o projeto de reforma da previd\u00eancia estadual, o governador deixou de lado a oposi\u00e7\u00e3o e mirou os seus ex-aliados com palavras duras e recados sem \u00b4meias palavras\u00b4.&nbsp;<\/p>\n\n\n\n<p>Ainda Jo\u00e3o Azevedo: \u201cA discuss\u00e3o da demagogia, da hipocrisia, eu n\u00e3o fa\u00e7o. Eu sou governador e tenho responsabilidade para com este Estado. Eu tenho responsabilidade com toda a popula\u00e7\u00e3o e n\u00e3o vou quebrar este Estado simplesmente para fazer demagogia\u201d.<\/p>\n\n\n\n<p>Escute na \u00edntegra o que disse o governador:<\/p>\n\n\n\n<figure><iframe data-src=\"https:\/\/w.soundcloud.com\/player\/?visual=true&amp;url=https%3A%2F%2Fapi.soundcloud.com%2Ftracks%2F728407300&amp;show_artwork=true&amp;maxwidth=500&amp;maxheight=750&amp;dnt=1\" src=\"data:image\/svg+xml;base64,PHN2ZyB3aWR0aD0iMSIgaGVpZ2h0PSIxIiB4bWxucz0iaHR0cDovL3d3dy53My5vcmcvMjAwMC9zdmciPjwvc3ZnPg==\" class=\"lazyload\" data-load-mode=\"1\"><\/iframe><\/figure>\n","protected":false},"excerpt":{"rendered":"<p>No primeiro pronunciamento que fez sobre o projeto de reforma da previd\u00eancia estadual, o governador deixou de lado a oposi\u00e7\u00e3o e mirou os seus ex-aliados&hellip; <\/p>\n","protected":false},"author":1,"featured_media":82372,"comment_status":"closed","ping_status":"closed","sticky":false,"template":"","format":"standard","meta":{"sfsi_plus_gutenberg_text_before_share":"","sfsi_plus_gutenberg_show_text_before_share":"","sfsi_plus_gutenberg_icon_type":"","sfsi_plus_gutenberg_icon_alignemt":"","sfsi_plus_gutenburg_max_per_row":"","footnotes":""},"categories":[11],"tags":[],"class_list":["post-140987","post","type-post","status-publish","format-standard","has-post-thumbnail","hentry","category-politica"],"_links":{"self":[{"href":"https:\/\/www.caririemacao.com\/1\/wp-json\/wp\/v2\/posts\/140987","targetHints":{"allow":["GET"]}}],"collection":[{"href":"https:\/\/www.caririemacao.com\/1\/wp-json\/wp\/v2\/posts"}],"about":[{"href":"https:\/\/www.caririemacao.com\/1\/wp-json\/wp\/v2\/types\/post"}],"author":[{"embeddable":true,"href":"https:\/\/www.caririemacao.com\/1\/wp-json\/wp\/v2\/users\/1"}],"replies":[{"embeddable":true,"href":"https:\/\/www.caririemacao.com\/1\/wp-json\/wp\/v2\/comments?post=140987"}],"version-history":[{"count":1,"href":"https:\/\/www.caririemacao.com\/1\/wp-json\/wp\/v2\/posts\/140987\/revisions"}],"predecessor-version":[{"id":140988,"href":"https:\/\/www.caririemacao.com\/1\/wp-json\/wp\/v2\/posts\/140987\/revisions\/140988"}],"wp:featuredmedia":[{"embeddable":true,"href":"https:\/\/www.caririemacao.com\/1\/wp-json\/wp\/v2\/media\/82372"}],"wp:attachment":[{"href":"https:\/\/www.caririemacao.com\/1\/wp-json\/wp\/v2\/media?parent=140987"}],"wp:term":[{"taxonomy":"category","embeddable":true,"href":"https:\/\/www.caririemacao.com\/1\/wp-json\/wp\/v2\/categories?post=140987"},{"taxonomy":"post_tag","embeddable":true,"href":"https:\/\/www.caririemacao.com\/1\/wp-json\/wp\/v2\/tags?post=140987"}],"curies":[{"name":"wp","href":"https:\/\/api.w.org\/{rel}","templated":true}]}}