{"id":140990,"date":"2019-12-16T07:54:10","date_gmt":"2019-12-16T10:54:10","guid":{"rendered":"http:\/\/www.caririemacao.com\/1\/?p=140990"},"modified":"2019-12-16T07:54:10","modified_gmt":"2019-12-16T10:54:10","slug":"homem-morre-em-acidente-enquanto-ia-comemorar-aniversario-da-esposa","status":"publish","type":"post","link":"https:\/\/www.caririemacao.com\/1\/2019\/12\/16\/homem-morre-em-acidente-enquanto-ia-comemorar-aniversario-da-esposa\/","title":{"rendered":"Homem morre em acidente enquanto ia comemorar anivers\u00e1rio da esposa"},"content":{"rendered":"\n<figure class=\"wp-block-image\"><img decoding=\"async\" data-src=\"https:\/\/paraibaonline.com.br\/wp-content\/uploads\/2019\/12\/acidente-em-lagoa-de-ro%C3%A7a-324x417.jpg\" alt=\"Foto: Reprodu\u00e7\u00e3o\/ TV Cabo Branco\" class=\"wp-image-825241 lazyload\" src=\"data:image\/svg+xml;base64,PHN2ZyB3aWR0aD0iMSIgaGVpZ2h0PSIxIiB4bWxucz0iaHR0cDovL3d3dy53My5vcmcvMjAwMC9zdmciPjwvc3ZnPg==\" style=\"--smush-placeholder-width: 324px; --smush-placeholder-aspect-ratio: 324\/417;\" \/><\/figure>\n\n\n\n<p>Foto: Reprodu\u00e7\u00e3o\/ TV Cabo Branco<\/p>\n\n\n\n<p>Um homem morreu e outras duas pessoas ficaram feriadas ap\u00f3s um acidente na noite da \u00faltima sexta-feira, 13, na BR- 104, entre os munic\u00edpios de Lagoa Seca e S\u00e3o Sebasti\u00e3o de Lagoa de Ro\u00e7a.<\/p>\n\n\n\n<p>Era por volta das 19h30 quando o fato ocorreu.<\/p>\n\n\n\n<p>Segundo suspeitas da pol\u00edcia, o motorista, Jos\u00e9 Erivelton da Silva teria perdido o controle do carro, que capotou.<\/p>\n\n\n\n<p>O agricultor Gilsomar Ferreira Alves, 31, morreu na hora. Erivelton e Vilane Maria dos Santos, outra passageira do ve\u00edculo, ficaram feridos e foram socorridos para o Hospital de Emerg\u00eancia e Trauma de Campina Grande.<\/p>\n\n\n\n<p>Gilsomar estava voltando para casa para comemorar o anivers\u00e1rio da esposa.<\/p>\n\n\n\n<p>Ela contou que os dois conversavam sobre o assunto, atrav\u00e9s de mensagens pelo celular, minutos antes do acidente.<\/p>\n\n\n\n<p>*Com informa\u00e7\u00f5es da TV Cabo Branco<\/p>\n","protected":false},"excerpt":{"rendered":"<p>Foto: Reprodu\u00e7\u00e3o\/ TV Cabo Branco Um homem morreu e outras duas pessoas ficaram feriadas ap\u00f3s um acidente na noite da \u00faltima sexta-feira, 13, na BR-&hellip; <\/p>\n","protected":false},"author":1,"featured_media":69131,"comment_status":"closed","ping_status":"closed","sticky":false,"template":"","format":"standard","meta":{"sfsi_plus_gutenberg_text_before_share":"","sfsi_plus_gutenberg_show_text_before_share":"","sfsi_plus_gutenberg_icon_type":"","sfsi_plus_gutenberg_icon_alignemt":"","sfsi_plus_gutenburg_max_per_row":"","footnotes":""},"categories":[12],"tags":[],"class_list":["post-140990","post","type-post","status-publish","format-standard","has-post-thumbnail","hentry","category-policia"],"_links":{"self":[{"href":"https:\/\/www.caririemacao.com\/1\/wp-json\/wp\/v2\/posts\/140990","targetHints":{"allow":["GET"]}}],"collection":[{"href":"https:\/\/www.caririemacao.com\/1\/wp-json\/wp\/v2\/posts"}],"about":[{"href":"https:\/\/www.caririemacao.com\/1\/wp-json\/wp\/v2\/types\/post"}],"author":[{"embeddable":true,"href":"https:\/\/www.caririemacao.com\/1\/wp-json\/wp\/v2\/users\/1"}],"replies":[{"embeddable":true,"href":"https:\/\/www.caririemacao.com\/1\/wp-json\/wp\/v2\/comments?post=140990"}],"version-history":[{"count":1,"href":"https:\/\/www.caririemacao.com\/1\/wp-json\/wp\/v2\/posts\/140990\/revisions"}],"predecessor-version":[{"id":140991,"href":"https:\/\/www.caririemacao.com\/1\/wp-json\/wp\/v2\/posts\/140990\/revisions\/140991"}],"wp:featuredmedia":[{"embeddable":true,"href":"https:\/\/www.caririemacao.com\/1\/wp-json\/wp\/v2\/media\/69131"}],"wp:attachment":[{"href":"https:\/\/www.caririemacao.com\/1\/wp-json\/wp\/v2\/media?parent=140990"}],"wp:term":[{"taxonomy":"category","embeddable":true,"href":"https:\/\/www.caririemacao.com\/1\/wp-json\/wp\/v2\/categories?post=140990"},{"taxonomy":"post_tag","embeddable":true,"href":"https:\/\/www.caririemacao.com\/1\/wp-json\/wp\/v2\/tags?post=140990"}],"curies":[{"name":"wp","href":"https:\/\/api.w.org\/{rel}","templated":true}]}}