{"id":140993,"date":"2019-12-16T07:55:43","date_gmt":"2019-12-16T10:55:43","guid":{"rendered":"http:\/\/www.caririemacao.com\/1\/?p=140993"},"modified":"2019-12-16T07:55:43","modified_gmt":"2019-12-16T10:55:43","slug":"wilson-filho-amplia-base-politica-com-apoio-de-prefeito-e-prefeita-da-regiao-do-cariri","status":"publish","type":"post","link":"https:\/\/www.caririemacao.com\/1\/2019\/12\/16\/wilson-filho-amplia-base-politica-com-apoio-de-prefeito-e-prefeita-da-regiao-do-cariri\/","title":{"rendered":"Wilson Filho amplia base pol\u00edtica com apoio de prefeito e prefeita da regi\u00e3o do Cariri"},"content":{"rendered":"\n<p>O deputado estadual Wilson Filho recentemente recebeu dois importantes apoios na regi\u00e3o do Cariri paraibano. Um \u00e9 o prefeito de Boa Vista, Andr\u00e9 Gomes, que em decis\u00e3o conjunta com seu grupo pol\u00edtico resolveu seguir com Wilson Filho. Outro apoio \u00e9 da prefeita de Ouro Velho, Nat\u00e1lia de Dr.J\u00fanior, que tamb\u00e9m passou a integrar a base de Wilson Filho.<\/p>\n\n\n\n<p>Mesmo com a pretens\u00e3o de concorrer a Prefeitura de Jo\u00e3o Pessoa, em 2020, Wilson segue ampliando seu projeto para 2022.<\/p>\n\n\n\n<figure class=\"wp-block-image\"><img decoding=\"async\" data-src=\"http:\/\/www.blogdobrunolira.com.br\/wp-content\/uploads\/2019\/12\/Screenshot_20191215-1358242.png\" alt=\"\" src=\"data:image\/svg+xml;base64,PHN2ZyB3aWR0aD0iMSIgaGVpZ2h0PSIxIiB4bWxucz0iaHR0cDovL3d3dy53My5vcmcvMjAwMC9zdmciPjwvc3ZnPg==\" class=\"lazyload\" \/><\/figure>\n\n\n\n<p><strong>Blog do Bruno Lira<\/strong><\/p>\n","protected":false},"excerpt":{"rendered":"<p>O deputado estadual Wilson Filho recentemente recebeu dois importantes apoios na regi\u00e3o do Cariri paraibano. Um \u00e9 o prefeito de Boa Vista, Andr\u00e9 Gomes, que&hellip; <\/p>\n","protected":false},"author":1,"featured_media":140994,"comment_status":"closed","ping_status":"closed","sticky":false,"template":"","format":"standard","meta":{"sfsi_plus_gutenberg_text_before_share":"","sfsi_plus_gutenberg_show_text_before_share":"","sfsi_plus_gutenberg_icon_type":"","sfsi_plus_gutenberg_icon_alignemt":"","sfsi_plus_gutenburg_max_per_row":"","footnotes":""},"categories":[6],"tags":[],"class_list":["post-140993","post","type-post","status-publish","format-standard","has-post-thumbnail","hentry","category-cidades"],"_links":{"self":[{"href":"https:\/\/www.caririemacao.com\/1\/wp-json\/wp\/v2\/posts\/140993","targetHints":{"allow":["GET"]}}],"collection":[{"href":"https:\/\/www.caririemacao.com\/1\/wp-json\/wp\/v2\/posts"}],"about":[{"href":"https:\/\/www.caririemacao.com\/1\/wp-json\/wp\/v2\/types\/post"}],"author":[{"embeddable":true,"href":"https:\/\/www.caririemacao.com\/1\/wp-json\/wp\/v2\/users\/1"}],"replies":[{"embeddable":true,"href":"https:\/\/www.caririemacao.com\/1\/wp-json\/wp\/v2\/comments?post=140993"}],"version-history":[{"count":1,"href":"https:\/\/www.caririemacao.com\/1\/wp-json\/wp\/v2\/posts\/140993\/revisions"}],"predecessor-version":[{"id":140995,"href":"https:\/\/www.caririemacao.com\/1\/wp-json\/wp\/v2\/posts\/140993\/revisions\/140995"}],"wp:featuredmedia":[{"embeddable":true,"href":"https:\/\/www.caririemacao.com\/1\/wp-json\/wp\/v2\/media\/140994"}],"wp:attachment":[{"href":"https:\/\/www.caririemacao.com\/1\/wp-json\/wp\/v2\/media?parent=140993"}],"wp:term":[{"taxonomy":"category","embeddable":true,"href":"https:\/\/www.caririemacao.com\/1\/wp-json\/wp\/v2\/categories?post=140993"},{"taxonomy":"post_tag","embeddable":true,"href":"https:\/\/www.caririemacao.com\/1\/wp-json\/wp\/v2\/tags?post=140993"}],"curies":[{"name":"wp","href":"https:\/\/api.w.org\/{rel}","templated":true}]}}