{"id":140997,"date":"2019-12-16T07:56:46","date_gmt":"2019-12-16T10:56:46","guid":{"rendered":"http:\/\/www.caririemacao.com\/1\/?p=140997"},"modified":"2019-12-16T07:56:46","modified_gmt":"2019-12-16T10:56:46","slug":"sao-jose-dos-cordeiros-contara-com-programa-cidadao-do-estado-dentro-de-sua-programacao-de-aniversario","status":"publish","type":"post","link":"https:\/\/www.caririemacao.com\/1\/2019\/12\/16\/sao-jose-dos-cordeiros-contara-com-programa-cidadao-do-estado-dentro-de-sua-programacao-de-aniversario\/","title":{"rendered":"S\u00e3o Jos\u00e9 dos Cordeiros contar\u00e1 com Programa Cidad\u00e3o do Estado dentro de sua programa\u00e7\u00e3o de anivers\u00e1rio"},"content":{"rendered":"\n<p>A cidade de S\u00e3o Jos\u00e9 dos Cordeiros est\u00e1 prestes a comemorar 58 anos de sua Emancipa\u00e7\u00e3o Pol\u00edtica e uma s\u00e9rie de atividades ser\u00e3o desenvolvidas ao longo de toda esta semana. Uma delas \u00e9 a vinda do Programa Cidad\u00e3o, uma parceria entre a Secretaria de Desenvolvimento Humano do Estado e a Prefeitura de S\u00e3o Jos\u00e9 dos Cordeiros, atrav\u00e9s da Secretaria de Assist\u00eancia Social.<\/p>\n\n\n\n<p>Ser\u00e1 oferecida a retirada de carteiras de identidade, CPF, carteira de trabalho e foto 3\u00d74. O servi\u00e7o ser\u00e1 oferecido nesta ter\u00e7a-feira, 17 de dezembro, na sede do CRAS de S\u00e3o Jose dos Cordeiros.<\/p>\n\n\n\n<p>O secret\u00e1rio de Assist\u00eancia Social, S\u00e9rgio Sousa, alerta aos interessados quanto a documenta\u00e7\u00e3o necess\u00e1ria para a retirada dos documentos e lembra que \u00e9 importante todos aproveitarem a oportunidade para garantir seu documento com praticidade e agilidade.<\/p>\n\n\n\n<p><strong>Veja a rela\u00e7\u00e3o dos documentos exigidos:<\/strong><\/p>\n\n\n\n<table class=\"wp-block-table\"><tbody><tr><td><strong>SERVI\u00c7OS OFERECIDOS<\/strong><\/td><td><strong>DOCUMENTOS EXIGIDOS<\/strong><\/td><\/tr><tr><td>\u00d8&nbsp;&nbsp;<strong>RECEITA FEDERAL&nbsp;1\u00aa VIA&nbsp;<\/strong>de<strong>&nbsp;CPF \u2013<\/strong>&nbsp;\u00b7&nbsp;&nbsp;&nbsp;&nbsp;&nbsp;&nbsp;&nbsp;&nbsp; Emiss\u00e3o de 1\u00aa Via de&nbsp;<strong>CPF<\/strong>&nbsp;\u2013 Cadastro de Pessoas F\u00edsicas<\/td><td>Certid\u00e3o de Nascimento (se for solteiro), de Casamento ou Div\u00f3rcio (<strong>original<\/strong>&nbsp;ou c\u00f3pia leg\u00edvel&nbsp;<strong>autenticada<\/strong>, na frente do documento,&nbsp;<strong>em cart\u00f3rio<\/strong>);Identifica\u00e7\u00e3o Civil;Comprovante de resid\u00eancia com CEP;Sendo maior de 18 anos, \u00e9 obrigat\u00f3ria a apresenta\u00e7\u00e3o do T\u00edtulo Eleitoral.<\/td><\/tr><tr><td>\u00d8&nbsp;&nbsp;<strong>IPC<\/strong>\u00b7&nbsp;&nbsp;&nbsp;&nbsp;&nbsp;&nbsp;&nbsp;&nbsp; Emiss\u00e3o de&nbsp;<strong>1\u00aa e 2\u00aa Via<\/strong>&nbsp;de&nbsp;<strong>RG<\/strong>&nbsp;\u2013 Identidade Civil;&nbsp;<\/td><td>\u00b7&nbsp;&nbsp;&nbsp;&nbsp;&nbsp;&nbsp;&nbsp;&nbsp; Certid\u00e3o de Nascimento, Casamento ou Div\u00f3rcio&nbsp;<strong>original&nbsp;<\/strong>ou<strong>&nbsp;c\u00f3pia<\/strong>&nbsp;leg\u00edvel&nbsp;<strong>autenticada<\/strong>&nbsp;na frente, em&nbsp;<strong>cart\u00f3rio.<\/strong>\u00b7&nbsp;&nbsp;&nbsp;&nbsp;&nbsp;&nbsp;&nbsp;&nbsp; N\u00famero do<strong>&nbsp;CPF.<\/strong>&nbsp;<\/td><\/tr><tr><td>\u00b7&nbsp;&nbsp;&nbsp;&nbsp;&nbsp;&nbsp;&nbsp;<strong>FOTOGRAFIA 3X4 &nbsp;&nbsp;&nbsp;&nbsp;<\/strong><\/td><td>&nbsp;<\/td><\/tr><\/tbody><\/table>\n\n\n\n<p><strong>CRIT\u00c9RIOS DE ATENDIMENTO<\/strong>&nbsp;<strong>AO P\u00daBLICO<\/strong><strong>:<\/strong><\/p>\n\n\n\n<p>1 \u2013&nbsp;<strong>Pessoas de baixo poder aquisitivo<\/strong>;<\/p>\n\n\n\n<p>2 \u2013&nbsp;<strong>Pessoas em vulnerabilidade social<\/strong>;<\/p>\n\n\n\n<p>3 \u2013&nbsp;<strong>Inclus\u00e3o de pessoas nos Programas Sociais de Governo<\/strong>;<\/p>\n\n\n\n<p>4 \u2013&nbsp;<strong>Preferenciais regidos pela lei<\/strong>&nbsp;(idosos, gestantes, portadores de necessidades especiais e m\u00e3es com crian\u00e7a de colo);<\/p>\n\n\n\n<p>5 \u2013&nbsp;<strong>Idade m\u00ednima de atendimento<\/strong>:&nbsp;<strong>12<\/strong>&nbsp;anos.<\/p>\n\n\n\n<p>Al\u00e9m desse servi\u00e7o, v\u00e1rios eventos est\u00e3o programados para acontecer ao longo da semana dentro da programa\u00e7\u00e3o de anivers\u00e1rio de S\u00e3o Jos\u00e9 dos Cordeiros.<\/p>\n\n\n\n<p>O secret\u00e1rio S\u00e9rgio Sousa ainda destacou que com total apoio do munic\u00edpio foi realizado o VI Encontro e Gradua\u00e7\u00e3o de Capoeira, a partir de um projeto desenvolvido atrav\u00e9s do Servi\u00e7o de Conviv\u00eancia e Fortalecimento de V\u00ednculos junto as crian\u00e7as e jovens cordeirenses.<\/p>\n","protected":false},"excerpt":{"rendered":"<p>A cidade de S\u00e3o Jos\u00e9 dos Cordeiros est\u00e1 prestes a comemorar 58 anos de sua Emancipa\u00e7\u00e3o Pol\u00edtica e uma s\u00e9rie de atividades ser\u00e3o desenvolvidas ao&hellip; <\/p>\n","protected":false},"author":1,"featured_media":140998,"comment_status":"closed","ping_status":"closed","sticky":false,"template":"","format":"standard","meta":{"sfsi_plus_gutenberg_text_before_share":"","sfsi_plus_gutenberg_show_text_before_share":"","sfsi_plus_gutenberg_icon_type":"","sfsi_plus_gutenberg_icon_alignemt":"","sfsi_plus_gutenburg_max_per_row":"","footnotes":""},"categories":[6],"tags":[],"class_list":["post-140997","post","type-post","status-publish","format-standard","has-post-thumbnail","hentry","category-cidades"],"_links":{"self":[{"href":"https:\/\/www.caririemacao.com\/1\/wp-json\/wp\/v2\/posts\/140997","targetHints":{"allow":["GET"]}}],"collection":[{"href":"https:\/\/www.caririemacao.com\/1\/wp-json\/wp\/v2\/posts"}],"about":[{"href":"https:\/\/www.caririemacao.com\/1\/wp-json\/wp\/v2\/types\/post"}],"author":[{"embeddable":true,"href":"https:\/\/www.caririemacao.com\/1\/wp-json\/wp\/v2\/users\/1"}],"replies":[{"embeddable":true,"href":"https:\/\/www.caririemacao.com\/1\/wp-json\/wp\/v2\/comments?post=140997"}],"version-history":[{"count":1,"href":"https:\/\/www.caririemacao.com\/1\/wp-json\/wp\/v2\/posts\/140997\/revisions"}],"predecessor-version":[{"id":140999,"href":"https:\/\/www.caririemacao.com\/1\/wp-json\/wp\/v2\/posts\/140997\/revisions\/140999"}],"wp:featuredmedia":[{"embeddable":true,"href":"https:\/\/www.caririemacao.com\/1\/wp-json\/wp\/v2\/media\/140998"}],"wp:attachment":[{"href":"https:\/\/www.caririemacao.com\/1\/wp-json\/wp\/v2\/media?parent=140997"}],"wp:term":[{"taxonomy":"category","embeddable":true,"href":"https:\/\/www.caririemacao.com\/1\/wp-json\/wp\/v2\/categories?post=140997"},{"taxonomy":"post_tag","embeddable":true,"href":"https:\/\/www.caririemacao.com\/1\/wp-json\/wp\/v2\/tags?post=140997"}],"curies":[{"name":"wp","href":"https:\/\/api.w.org\/{rel}","templated":true}]}}