{"id":141004,"date":"2019-12-16T08:01:30","date_gmt":"2019-12-16T11:01:30","guid":{"rendered":"http:\/\/www.caririemacao.com\/1\/?p=141004"},"modified":"2019-12-16T08:01:30","modified_gmt":"2019-12-16T11:01:30","slug":"governo-brasileiro-inaugura-escritorio-comercial-em-jerusalem","status":"publish","type":"post","link":"https:\/\/www.caririemacao.com\/1\/2019\/12\/16\/governo-brasileiro-inaugura-escritorio-comercial-em-jerusalem\/","title":{"rendered":"Governo brasileiro inaugura escrit\u00f3rio comercial em Jerusal\u00e9m"},"content":{"rendered":"\n<p>O governo brasileiro inaugurou (15) um escrit\u00f3rio em Jerusal\u00e9m (Israel) para fortalecer a parceria com o pa\u00eds nos temas de inova\u00e7\u00e3o, tecnologia e investimentos. O primeiro ministro israelense, Benjamim Netanyahu, o embaixador de Israel no Brasil, Yossi Shelley,\u00a0e o deputado federal, Eduardo Bolsonaro, filho do presidente Jair Bolsonaro, estiveram no evento.<\/p>\n\n\n\n<p>O escrit\u00f3rio ser\u00e1 administrado pela Ag\u00eancia Brasileira de Promo\u00e7\u00e3o de Exporta\u00e7\u00f5es e Investimentos (Apex-Brasil) e comandado pela analista de com\u00e9rcio internacional Camila Meyer, selecionada para o posto por meio de um processo interno. A equipe ser\u00e1 composta por duas pessoas contratadas localmente. O escrit\u00f3rio funcionar\u00e1 no edif\u00edcio Jerusalem Gati Business Center.<\/p>\n\n\n\n<figure class=\"wp-block-image\"><img decoding=\"async\" data-src=\"http:\/\/imagens.ebc.com.br\/daFRp4E62VBhWTArKI0CV7BlBhY=\/754x0\/smart\/http:\/\/agenciabrasil.ebc.com.br\/sites\/default\/files\/thumbnails\/image\/inauguracao_escritorio_apex_em_jerusalem.jpeg?itok=tNJSYKD7\" alt=\"Inaugura\u00e7\u00e3o de escrit\u00f3rio de neg\u00f3cios da Apex em Jerusal\u00e9m (Israel)\" src=\"data:image\/svg+xml;base64,PHN2ZyB3aWR0aD0iMSIgaGVpZ2h0PSIxIiB4bWxucz0iaHR0cDovL3d3dy53My5vcmcvMjAwMC9zdmciPjwvc3ZnPg==\" class=\"lazyload\" \/><\/figure>\n\n\n\n<p>Inaugura\u00e7\u00e3o de escrit\u00f3rio de neg\u00f3cios da Apex em Jerusal\u00e9m (Israel) &#8211;&nbsp;<strong>Apex-Brasil<\/strong><\/p>\n\n\n\n<p>O primeiro ministro israelense destacou o potencial do escrit\u00f3rio para alavancar a coopera\u00e7\u00e3o entre os dois pa\u00edses. \u201cIsrael \u00e9, talvez, a na\u00e7\u00e3o mais din\u00e2mica em termos de inova\u00e7\u00e3o: temos uma explos\u00e3o de engenhosidade aqui. E o Brasil tem um potencial inacredit\u00e1vel. Tem um vasto territ\u00f3rio, uma popula\u00e7\u00e3o diversificada, universidades, o talento do seu povo, e achamos que se juntarmos os grandes potenciais que os dois pa\u00edses t\u00eam, n\u00f3s podemos nos beneficiar de forma incr\u00edvel\u201d, disse.<\/p>\n\n\n\n<p>De acordo com a Apex, um dos pontos que ser\u00e1 trabalhado pelo escrit\u00f3rio em Jerusal\u00e9m \u00e9 o fomento \u00e0s novas parcerias tecnol\u00f3gicas e a atra\u00e7\u00e3o de centros de Pesquisa e Desenvolvimento (P&amp;D) para o Brasil. Alguns setores que confirmam a proemin\u00eancia israelita em tecnologia s\u00e3o as solu\u00e7\u00f5es voltadas ao agroneg\u00f3cio e ao uso de \u00e1gua e, ainda, avan\u00e7os em ciberseguran\u00e7a para defesa de clientes, prote\u00e7\u00e3o de dados e aplica\u00e7\u00e3o militar.<\/p>\n\n\n\n<p>\u201cCom esta unidade de representa\u00e7\u00e3o, definimos um novo e privilegiado endere\u00e7o para o cumprimento das miss\u00f5es da Apex-Brasil relacionadas \u00e0 promo\u00e7\u00e3o de exporta\u00e7\u00f5es, \u00e0 internacionaliza\u00e7\u00e3o de empresas e \u00e0 atra\u00e7\u00e3o de investimentos estrangeiros. E, no caso espec\u00edfico de Jerusal\u00e9m, trabalhando com \u00eanfase em tecnologia e inova\u00e7\u00e3o, no fomento a novos neg\u00f3cios ou neg\u00f3cios do futuro\u201d, destacou o presidente da Apex-Brasil, Sergio Segovia.<\/p>\n\n\n\n<p>No Twitter, Eduardo Bolsonaro mencionou seu discurso na cerim\u00f4nia, disse ser um &#8220;grande dia&#8221; e afirmou que a abertura do escrit\u00f3rio de neg\u00f3cios \u00e9 o primeiro passo para a transfer\u00eancia da embaixada brasileira de Tel Aviv para Jerusal\u00e9m.<\/p>\n\n\n\n<figure class=\"wp-block-image\"><a href=\"https:\/\/twitter.com\/BolsonaroSP\"><img decoding=\"async\" data-src=\"https:\/\/pbs.twimg.com\/profile_images\/1158908224273358848\/mGyvnaxL_normal.jpg\" alt=\"\" src=\"data:image\/svg+xml;base64,PHN2ZyB3aWR0aD0iMSIgaGVpZ2h0PSIxIiB4bWxucz0iaHR0cDovL3d3dy53My5vcmcvMjAwMC9zdmciPjwvc3ZnPg==\" class=\"lazyload\" \/><\/a><\/figure>\n\n\n\n<p><a href=\"https:\/\/twitter.com\/BolsonaroSP\"><strong>Eduardo Bolsonaro<\/strong><strong>&#x2714;<\/strong>@BolsonaroSP<\/a><a href=\"https:\/\/twitter.com\/BolsonaroSP\/status\/1206232438206345216\"><\/a><\/p>\n\n\n\n<figure class=\"wp-block-image\"><img decoding=\"async\" data-src=\"https:\/\/abs.twimg.com\/emoji\/v2\/72x72\/1f1ee-1f1f1.png\" alt=\"&#x1f1ee;&#x1f1f1;\" src=\"data:image\/svg+xml;base64,PHN2ZyB3aWR0aD0iMSIgaGVpZ2h0PSIxIiB4bWxucz0iaHR0cDovL3d3dy53My5vcmcvMjAwMC9zdmciPjwvc3ZnPg==\" class=\"lazyload\" \/><\/figure>\n\n\n\n<p> No caminho de volta para o Brasil fiz quest\u00e3o de parar por 10 horas em Israel para ter a honra de discursar hoje na inaugura\u00e7\u00e3o do escrit\u00f3rio de neg\u00f3cios da <a href=\"https:\/\/twitter.com\/ApexBrasil\">@ApexBrasil<\/a> em Jerusalem. Trata-se do 1\u00ba passo para a transfer\u00eancia da embaixada (continua)<\/p>\n\n\n\n<figure class=\"wp-block-image\"><a href=\"https:\/\/twitter.com\/BolsonaroSP\/status\/1206232438206345216\/photo\/1\"><img decoding=\"async\" src=\"https:\/\/pbs.twimg.com\/media\/EL1mAOPXYAAqMIL?format=jpg&amp;name=small\" alt=\"Ver imagem no Twitter\"\/><\/a><\/figure>\n\n\n\n<p><a href=\"https:\/\/twitter.com\/intent\/like?tweet_id=1206232438206345216\">4.479<\/a><a href=\"https:\/\/twitter.com\/BolsonaroSP\/status\/1206232438206345216\">12:19 &#8211; 15 de dez de 2019<\/a><a href=\"https:\/\/support.twitter.com\/articles\/20175256\">Informa\u00e7\u00f5es e privacidade no Twitter Ads<\/a><a href=\"https:\/\/twitter.com\/BolsonaroSP\/status\/1206232438206345216\">957 pessoas est\u00e3o falando sobre isso<\/a><\/p>\n\n\n\n<p><\/p>\n","protected":false},"excerpt":{"rendered":"<p>O governo brasileiro inaugurou (15) um escrit\u00f3rio em Jerusal\u00e9m (Israel) para fortalecer a parceria com o pa\u00eds nos temas de inova\u00e7\u00e3o, tecnologia e investimentos. O&hellip; <\/p>\n","protected":false},"author":1,"featured_media":141005,"comment_status":"closed","ping_status":"closed","sticky":false,"template":"","format":"standard","meta":{"sfsi_plus_gutenberg_text_before_share":"","sfsi_plus_gutenberg_show_text_before_share":"","sfsi_plus_gutenberg_icon_type":"","sfsi_plus_gutenberg_icon_alignemt":"","sfsi_plus_gutenburg_max_per_row":"","footnotes":""},"categories":[11],"tags":[],"class_list":["post-141004","post","type-post","status-publish","format-standard","has-post-thumbnail","hentry","category-politica"],"_links":{"self":[{"href":"https:\/\/www.caririemacao.com\/1\/wp-json\/wp\/v2\/posts\/141004","targetHints":{"allow":["GET"]}}],"collection":[{"href":"https:\/\/www.caririemacao.com\/1\/wp-json\/wp\/v2\/posts"}],"about":[{"href":"https:\/\/www.caririemacao.com\/1\/wp-json\/wp\/v2\/types\/post"}],"author":[{"embeddable":true,"href":"https:\/\/www.caririemacao.com\/1\/wp-json\/wp\/v2\/users\/1"}],"replies":[{"embeddable":true,"href":"https:\/\/www.caririemacao.com\/1\/wp-json\/wp\/v2\/comments?post=141004"}],"version-history":[{"count":1,"href":"https:\/\/www.caririemacao.com\/1\/wp-json\/wp\/v2\/posts\/141004\/revisions"}],"predecessor-version":[{"id":141006,"href":"https:\/\/www.caririemacao.com\/1\/wp-json\/wp\/v2\/posts\/141004\/revisions\/141006"}],"wp:featuredmedia":[{"embeddable":true,"href":"https:\/\/www.caririemacao.com\/1\/wp-json\/wp\/v2\/media\/141005"}],"wp:attachment":[{"href":"https:\/\/www.caririemacao.com\/1\/wp-json\/wp\/v2\/media?parent=141004"}],"wp:term":[{"taxonomy":"category","embeddable":true,"href":"https:\/\/www.caririemacao.com\/1\/wp-json\/wp\/v2\/categories?post=141004"},{"taxonomy":"post_tag","embeddable":true,"href":"https:\/\/www.caririemacao.com\/1\/wp-json\/wp\/v2\/tags?post=141004"}],"curies":[{"name":"wp","href":"https:\/\/api.w.org\/{rel}","templated":true}]}}