{"id":141008,"date":"2019-12-16T08:02:18","date_gmt":"2019-12-16T11:02:18","guid":{"rendered":"http:\/\/www.caririemacao.com\/1\/?p=141008"},"modified":"2019-12-16T08:02:18","modified_gmt":"2019-12-16T11:02:18","slug":"senado-vota-transferencia-do-coaf-para-o-bc-na-proxima-terca","status":"publish","type":"post","link":"https:\/\/www.caririemacao.com\/1\/2019\/12\/16\/senado-vota-transferencia-do-coaf-para-o-bc-na-proxima-terca\/","title":{"rendered":"Senado vota transfer\u00eancia do Coaf para o BC na pr\u00f3xima ter\u00e7a"},"content":{"rendered":"\n<p>O presidente do Senado, Davi Alcolumbre, marcou para a pr\u00f3xima ter\u00e7a-feira (17) a vota\u00e7\u00e3o da Medida Provis\u00f3ria (MP) 893\/19 que transfere o Conselho de Controle de Atividades Financeiras (Coaf) do Minist\u00e9rio da Economia para o Banco Central (BC). A MP foi aprovada na C\u00e2mara, na \u00faltima quarta-feira (11). Alcolumbre chegou a marcar para o dia seguinte a vota\u00e7\u00e3o, mas foi obrigado a recuar por falta de qu\u00f3rum.<\/p>\n\n\n\n<p>A vota\u00e7\u00e3o da MP ser\u00e1 a \u00faltima vota\u00e7\u00e3o do Senado este ano. Al\u00e9m disso, essa ser\u00e1 a \u00faltima oportunidade de confirmar a mudan\u00e7a do Coaf para o BC. A medida provis\u00f3ria perde a validade no mesmo dia.<\/p>\n\n\n\n<p>O presidente Jair Bolsonaro editou a MP em agosto, transformando o Coaf em Unidade de Intelig\u00eancia Financeira (UIF), com autonomia t\u00e9cnica e operacional e atua\u00e7\u00e3o em todo o territ\u00f3rio nacional.<\/p>\n\n\n\n<p>Segundo a MP, a Unidade de Intelig\u00eancia Financeira ser\u00e1 \u201crespons\u00e1vel por produzir e gerir informa\u00e7\u00f5es para a preven\u00e7\u00e3o e o combate \u00e0 lavagem de dinheiro, ao financiamento do terrorismo, ao financiamento da prolifera\u00e7\u00e3o de armas de destrui\u00e7\u00e3o em massa, al\u00e9m de promover a interlocu\u00e7\u00e3o institucional com \u00f3rg\u00e3os e entidades nacionais, estrangeiros e internacionais que tenham conex\u00e3o com a mat\u00e9ria\u201d.<\/p>\n\n\n\n<p>Nem todos os parlamentares s\u00e3o favor\u00e1veis \u00e0 mudan\u00e7a. O Podemos, partido defensor da Opera\u00e7\u00e3o Lava Jato e que tem no combate \u00e0 corrup\u00e7\u00e3o uma de suas principais bandeiras, se posicionou contr\u00e1rio. Para o senador \u00c1lvaro Dias (Podemos-PR), l\u00edder do partido no Senado, n\u00e3o h\u00e1 justificativa na mudan\u00e7a desejada por Bolsonaro.<\/p>\n\n\n\n<p>\u201cCoaf prestou extraordin\u00e1rios servi\u00e7os a CPIs fundamentais como a CPI dos Correios, a CPI do Mensal\u00e3o. [\u2026] Certamente, crimes foram desvendados. A corrup\u00e7\u00e3o foi colocada \u00e0 luz para ser combatida, denunciada, julgada e condenada, certamente com grande contribui\u00e7\u00e3o e condenada, certamente com grande contribui\u00e7\u00e3o do Coaf. Essas altera\u00e7\u00f5es n\u00e3o se justificam\u201d, disse.<\/p>\n\n\n\n<p>EBC<\/p>\n","protected":false},"excerpt":{"rendered":"<p>O presidente do Senado, Davi Alcolumbre, marcou para a pr\u00f3xima ter\u00e7a-feira (17) a vota\u00e7\u00e3o da Medida Provis\u00f3ria (MP) 893\/19 que transfere o Conselho de Controle&hellip; <\/p>\n","protected":false},"author":1,"featured_media":101009,"comment_status":"closed","ping_status":"closed","sticky":false,"template":"","format":"standard","meta":{"sfsi_plus_gutenberg_text_before_share":"","sfsi_plus_gutenberg_show_text_before_share":"","sfsi_plus_gutenberg_icon_type":"","sfsi_plus_gutenberg_icon_alignemt":"","sfsi_plus_gutenburg_max_per_row":"","footnotes":""},"categories":[11],"tags":[],"class_list":["post-141008","post","type-post","status-publish","format-standard","has-post-thumbnail","hentry","category-politica"],"_links":{"self":[{"href":"https:\/\/www.caririemacao.com\/1\/wp-json\/wp\/v2\/posts\/141008","targetHints":{"allow":["GET"]}}],"collection":[{"href":"https:\/\/www.caririemacao.com\/1\/wp-json\/wp\/v2\/posts"}],"about":[{"href":"https:\/\/www.caririemacao.com\/1\/wp-json\/wp\/v2\/types\/post"}],"author":[{"embeddable":true,"href":"https:\/\/www.caririemacao.com\/1\/wp-json\/wp\/v2\/users\/1"}],"replies":[{"embeddable":true,"href":"https:\/\/www.caririemacao.com\/1\/wp-json\/wp\/v2\/comments?post=141008"}],"version-history":[{"count":1,"href":"https:\/\/www.caririemacao.com\/1\/wp-json\/wp\/v2\/posts\/141008\/revisions"}],"predecessor-version":[{"id":141009,"href":"https:\/\/www.caririemacao.com\/1\/wp-json\/wp\/v2\/posts\/141008\/revisions\/141009"}],"wp:featuredmedia":[{"embeddable":true,"href":"https:\/\/www.caririemacao.com\/1\/wp-json\/wp\/v2\/media\/101009"}],"wp:attachment":[{"href":"https:\/\/www.caririemacao.com\/1\/wp-json\/wp\/v2\/media?parent=141008"}],"wp:term":[{"taxonomy":"category","embeddable":true,"href":"https:\/\/www.caririemacao.com\/1\/wp-json\/wp\/v2\/categories?post=141008"},{"taxonomy":"post_tag","embeddable":true,"href":"https:\/\/www.caririemacao.com\/1\/wp-json\/wp\/v2\/tags?post=141008"}],"curies":[{"name":"wp","href":"https:\/\/api.w.org\/{rel}","templated":true}]}}