{"id":141014,"date":"2019-12-16T08:04:14","date_gmt":"2019-12-16T11:04:14","guid":{"rendered":"http:\/\/www.caririemacao.com\/1\/?p=141014"},"modified":"2019-12-16T08:04:14","modified_gmt":"2019-12-16T11:04:14","slug":"ricardo-salles-diz-que-cop-25-nao-deu-em-nada","status":"publish","type":"post","link":"https:\/\/www.caririemacao.com\/1\/2019\/12\/16\/ricardo-salles-diz-que-cop-25-nao-deu-em-nada\/","title":{"rendered":"Ricardo Salles diz que \u201cCOP-25 n\u00e3o deu em nada\u201d"},"content":{"rendered":"\n<p>O ministro do Meio Ambiente, Ricardo Salles, lamentou hoje (15) a falta de acordo em torno da regulamenta\u00e7\u00e3o do mercado global de cr\u00e9ditos de carbono durante a 25\u00aa Confer\u00eancia das Partes (COP25) da Conven\u00e7\u00e3o-Quadro das Na\u00e7\u00f5es Unidas sobre Altera\u00e7\u00f5es Clim\u00e1ticas. Em seu Twitter, o ministro afirmou que a \u201cCOP-25 n\u00e3o deu em nada\u201d e prevaleceu o &#8220;protecionismo&#8221; de alguns pa\u00edses.<\/p>\n\n\n\n<p>&#8220;Prevaleceu infelizmente uma vis\u00e3o protecionista de fechamento do mercado e o Brasil e outros pa\u00edses que poderiam fornecer cr\u00e9ditos de carbono em raz\u00e3o das suas florestas e boas pr\u00e1ticas ambientais sa\u00edram perdendo. Ainda assim, o Brasil segue firme no seu trabalho de atrair recursos para o Brasil e para os brasileiros&#8221;, disse.<\/p>\n\n\n\n<figure class=\"wp-block-image\"><a href=\"https:\/\/twitter.com\/rsallesmma\"><img decoding=\"async\" data-src=\"https:\/\/pbs.twimg.com\/profile_images\/1081620220702281730\/IzlyC5cP_normal.jpg\" alt=\"\" src=\"data:image\/svg+xml;base64,PHN2ZyB3aWR0aD0iMSIgaGVpZ2h0PSIxIiB4bWxucz0iaHR0cDovL3d3dy53My5vcmcvMjAwMC9zdmciPjwvc3ZnPg==\" class=\"lazyload\" \/><\/a><\/figure>\n\n\n\n<p><a href=\"https:\/\/twitter.com\/rsallesmma\"><strong>Ricardo Salles MMA<\/strong><strong>&#x2714;<\/strong>@rsallesmma<\/a><a href=\"https:\/\/twitter.com\/rsallesmma\/status\/1206184673120063489\"><\/a><\/p>\n\n\n\n<p>COP 25 n\u00e3o deu em nada. Pa\u00edses ricos n\u00e3o querem abrir seus mercados de cr\u00e9ditos de carbono. Exigem medidas e apontam o dedo para o resto do mundo, sem cerim\u00f4nia, mas na hora de colocar a m\u00e3o no bolso, eles n\u00e3o querem. Protecionismo e hipocrisia andaram de m\u00e3os dadas, o tempo todo<a href=\"https:\/\/twitter.com\/rsallesmma\/status\/1206184673120063489\"><\/a><a href=\"https:\/\/twitter.com\/intent\/like?tweet_id=1206184673120063489\">22,1&nbsp;mil<\/a><a href=\"https:\/\/twitter.com\/rsallesmma\/status\/1206184673120063489\">09:10 &#8211; 15 de dez de 2019<\/a><a href=\"https:\/\/support.twitter.com\/articles\/20175256\">Informa\u00e7\u00f5es e privacidade no Twitter Ads<\/a><a href=\"https:\/\/twitter.com\/rsallesmma\/status\/1206184673120063489\">6.593 pessoas est\u00e3o falando sobre isso<\/a><\/p>\n\n\n\n<p>A aus\u00eancia de acordo em torno de uma proposta de regulamenta\u00e7\u00e3o foi um dos principais gargalos da confer\u00eancia.<\/p>\n\n\n\n<p>Na tentativa de se chegar a um acordo em torno do texto, a confer\u00eancia, prevista para terminar na sexta-feira (13), acabou se estendendo pelo final de semana. A discuss\u00e3o envolvendo os&nbsp;<a href=\"http:\/\/agenciabrasil.ebc.com.br\/internacional\/noticia\/2019-12\/texto-final-da-cop-25-propoe-metas-mais-ambiciosas-para-emissoes\" target=\"_blank\" rel=\"noreferrer noopener\">cr\u00e9ditos de carbono foram adiadas para o pr\u00f3ximo ano<\/a>.<\/p>\n\n\n\n<p>As discuss\u00f5es giraram em torno da cria\u00e7\u00e3o de regras para o com\u00e9rcio de cr\u00e9ditos correspondentes ao corte de emiss\u00f5es de gases do efeito estufa. O Brasil pleiteava usar esse mercado para receber recursos, especialmente de pa\u00edses que mais geram emiss\u00e3o de gases&nbsp;estufa.<br>Na sexta-feira (13), o secret\u00e1rio Geral da ONU, Ant\u00f3nio Guterres, divulgou um v\u00eddeo pedindo mais ambi\u00e7\u00e3o aos representantes dos Estados-membros nas metas de redu\u00e7\u00e3o de emiss\u00e3o de gases poluentes.<\/p>\n\n\n\n<p>Aprovado em 2015, o Acordo de Paris estipula uma s\u00e9rie de medidas para os pa\u00edses reduzirem gases do efeito estufa a partir de 2020. O objetivo \u00e9 conter o aquecimento global abaixo de 2 \u00baC, preferencialmente em 1,5 \u00baC at\u00e9 2030. Ao assinar o acordo, o Brasil se comprometeu a reduzir suas emiss\u00f5es de gases de efeito estufa em 43% at\u00e9 2030 sem necessidade de ajuda externa.<\/p>\n\n\n\n<p><\/p>\n\n\n\n<p>EBC<\/p>\n","protected":false},"excerpt":{"rendered":"<p>O ministro do Meio Ambiente, Ricardo Salles, lamentou hoje (15) a falta de acordo em torno da regulamenta\u00e7\u00e3o do mercado global de cr\u00e9ditos de carbono&hellip; <\/p>\n","protected":false},"author":1,"featured_media":137440,"comment_status":"closed","ping_status":"closed","sticky":false,"template":"","format":"standard","meta":{"sfsi_plus_gutenberg_text_before_share":"","sfsi_plus_gutenberg_show_text_before_share":"","sfsi_plus_gutenberg_icon_type":"","sfsi_plus_gutenberg_icon_alignemt":"","sfsi_plus_gutenburg_max_per_row":"","footnotes":""},"categories":[11],"tags":[],"class_list":["post-141014","post","type-post","status-publish","format-standard","has-post-thumbnail","hentry","category-politica"],"_links":{"self":[{"href":"https:\/\/www.caririemacao.com\/1\/wp-json\/wp\/v2\/posts\/141014","targetHints":{"allow":["GET"]}}],"collection":[{"href":"https:\/\/www.caririemacao.com\/1\/wp-json\/wp\/v2\/posts"}],"about":[{"href":"https:\/\/www.caririemacao.com\/1\/wp-json\/wp\/v2\/types\/post"}],"author":[{"embeddable":true,"href":"https:\/\/www.caririemacao.com\/1\/wp-json\/wp\/v2\/users\/1"}],"replies":[{"embeddable":true,"href":"https:\/\/www.caririemacao.com\/1\/wp-json\/wp\/v2\/comments?post=141014"}],"version-history":[{"count":1,"href":"https:\/\/www.caririemacao.com\/1\/wp-json\/wp\/v2\/posts\/141014\/revisions"}],"predecessor-version":[{"id":141015,"href":"https:\/\/www.caririemacao.com\/1\/wp-json\/wp\/v2\/posts\/141014\/revisions\/141015"}],"wp:featuredmedia":[{"embeddable":true,"href":"https:\/\/www.caririemacao.com\/1\/wp-json\/wp\/v2\/media\/137440"}],"wp:attachment":[{"href":"https:\/\/www.caririemacao.com\/1\/wp-json\/wp\/v2\/media?parent=141014"}],"wp:term":[{"taxonomy":"category","embeddable":true,"href":"https:\/\/www.caririemacao.com\/1\/wp-json\/wp\/v2\/categories?post=141014"},{"taxonomy":"post_tag","embeddable":true,"href":"https:\/\/www.caririemacao.com\/1\/wp-json\/wp\/v2\/tags?post=141014"}],"curies":[{"name":"wp","href":"https:\/\/api.w.org\/{rel}","templated":true}]}}