{"id":141020,"date":"2019-12-16T09:49:51","date_gmt":"2019-12-16T12:49:51","guid":{"rendered":"http:\/\/www.caririemacao.com\/1\/?p=141020"},"modified":"2019-12-16T09:49:51","modified_gmt":"2019-12-16T12:49:51","slug":"congresso-aprova-lei-que-institui-carteira-de-identificacao-para-pessoa-com-espectro-autista","status":"publish","type":"post","link":"https:\/\/www.caririemacao.com\/1\/2019\/12\/16\/congresso-aprova-lei-que-institui-carteira-de-identificacao-para-pessoa-com-espectro-autista\/","title":{"rendered":"Congresso aprova lei que institui carteira de identifica\u00e7\u00e3o para pessoa com espectro autista"},"content":{"rendered":"\n<p>Congresso aprovou o projeto de lei que institui a Carteira de Identifica\u00e7\u00e3o da Pessoa com Transtorno do Espectro Autista.<\/p>\n\n\n\n<p>Depois de passar pela C\u00e2mara e pelo Senado, a proposta deve ser encaminhada esta semana \u00e0 san\u00e7\u00e3o presidencial.<\/p>\n\n\n\n<p>A carteira ser\u00e1 expedida pelos \u00f3rg\u00e3os respons\u00e1veis pela execu\u00e7\u00e3o da Pol\u00edtica Nacional de Prote\u00e7\u00e3o dos Direitos da Pessoa com Transtorno do Espectro Autista dos Estados, do Distrito Federal e dos Munic\u00edpios.<\/p>\n\n\n\n<p>O estado de Goi\u00e1s j\u00e1 emite a Carteira de Identifica\u00e7\u00e3o do Autista, desde 2018.<\/p>\n\n\n\n<p>A expedi\u00e7\u00e3o ser\u00e1 gratuita, mas \u00e9 necess\u00e1rio requerimento, acompanhado de relat\u00f3rio m\u00e9dico.<\/p>\n\n\n\n<p>A pessoa com transtorno do espectro autista \u00e9 considerada pessoa com defici\u00eancia e tem os mesmo direitos.<\/p>\n\n\n\n<p>Viviane Guimar\u00e3es, vice-presidente do Moab &#8211; Movimento Orgulho Autista Brasil, cita algumas situa\u00e7\u00f5es nas quais a carteira pode ajudar.<\/p>\n\n\n\n<p>Sonora: \u201cO autismo n\u00e3o tem um tra\u00e7o f\u00edsico. Ent\u00e3o, por exemplo, quando a gente para em uma vaga para pessoa com defici\u00eancia e n\u00e3o sai um cadeirante, n\u00e3o sai uma pessoa que voc\u00ea consiga ver que ela tem uma defici\u00eancia, isso causa confus\u00e3o para muitas fam\u00edlias. Muitas vezes, eles n\u00e3o conseguem falar. N\u00e3o \u00e9 que eles n\u00e3o consigam se comunicar, mas eles n\u00e3o conseguem falar, e eles s\u00e3o abordados por alguma autoridade, algum policial, e ele pode mostrar &#8211; \u201colhe, sou um autista\u201d &#8211; e ele ter um tratamento diferenciado, tamb\u00e9m isso vai ser muito importante.\u201d<\/p>\n\n\n\n<p>Para Viviane Guimar\u00e3es , que \u00e9 m\u00e3e de um jovem autista de 18 anos, a carteira de identifica\u00e7\u00e3o vai contribuir ainda para gerar dados e assim melhorar o planejamento de pol\u00edticas p\u00fablicas para essas pessoas.<\/p>\n\n\n\n<p>Sonora: \u201cO n\u00famero que vem do censo, vem uma estimativa. Cada estado, cada cidade, que tem essa identifica\u00e7\u00e3o, vai poder criar pol\u00edticas p\u00fablicas espec\u00edficas. Uma coisa \u00e9 voc\u00ea ter o maior numero de autistas crian\u00e7as na sua cidade. Ent\u00e3o sua pol\u00edtica primordial \u00e9 a estimula\u00e7\u00e3o precoce.\u201d<\/p>\n\n\n\n<p>O projeto, de autoria da deputada federal Rejane Dias, do PT, do Piau\u00ed, determina ainda que cinemas reservem uma sess\u00e3o mensal destinada a pessoas com transtorno do espectro autista, devendo a sala de exibi\u00e7\u00e3o oferecer os recursos de acessibilidade necess\u00e1rios.<\/p>\n","protected":false},"excerpt":{"rendered":"<p>Congresso aprovou o projeto de lei que institui a Carteira de Identifica\u00e7\u00e3o da Pessoa com Transtorno do Espectro Autista. Depois de passar pela C\u00e2mara e&hellip; <\/p>\n","protected":false},"author":1,"featured_media":141021,"comment_status":"closed","ping_status":"closed","sticky":false,"template":"","format":"standard","meta":{"sfsi_plus_gutenberg_text_before_share":"","sfsi_plus_gutenberg_show_text_before_share":"","sfsi_plus_gutenberg_icon_type":"","sfsi_plus_gutenberg_icon_alignemt":"","sfsi_plus_gutenburg_max_per_row":"","footnotes":""},"categories":[11],"tags":[],"class_list":["post-141020","post","type-post","status-publish","format-standard","has-post-thumbnail","hentry","category-politica"],"_links":{"self":[{"href":"https:\/\/www.caririemacao.com\/1\/wp-json\/wp\/v2\/posts\/141020","targetHints":{"allow":["GET"]}}],"collection":[{"href":"https:\/\/www.caririemacao.com\/1\/wp-json\/wp\/v2\/posts"}],"about":[{"href":"https:\/\/www.caririemacao.com\/1\/wp-json\/wp\/v2\/types\/post"}],"author":[{"embeddable":true,"href":"https:\/\/www.caririemacao.com\/1\/wp-json\/wp\/v2\/users\/1"}],"replies":[{"embeddable":true,"href":"https:\/\/www.caririemacao.com\/1\/wp-json\/wp\/v2\/comments?post=141020"}],"version-history":[{"count":1,"href":"https:\/\/www.caririemacao.com\/1\/wp-json\/wp\/v2\/posts\/141020\/revisions"}],"predecessor-version":[{"id":141022,"href":"https:\/\/www.caririemacao.com\/1\/wp-json\/wp\/v2\/posts\/141020\/revisions\/141022"}],"wp:featuredmedia":[{"embeddable":true,"href":"https:\/\/www.caririemacao.com\/1\/wp-json\/wp\/v2\/media\/141021"}],"wp:attachment":[{"href":"https:\/\/www.caririemacao.com\/1\/wp-json\/wp\/v2\/media?parent=141020"}],"wp:term":[{"taxonomy":"category","embeddable":true,"href":"https:\/\/www.caririemacao.com\/1\/wp-json\/wp\/v2\/categories?post=141020"},{"taxonomy":"post_tag","embeddable":true,"href":"https:\/\/www.caririemacao.com\/1\/wp-json\/wp\/v2\/tags?post=141020"}],"curies":[{"name":"wp","href":"https:\/\/api.w.org\/{rel}","templated":true}]}}