{"id":141023,"date":"2019-12-16T09:51:08","date_gmt":"2019-12-16T12:51:08","guid":{"rendered":"http:\/\/www.caririemacao.com\/1\/?p=141023"},"modified":"2019-12-16T09:51:08","modified_gmt":"2019-12-16T12:51:08","slug":"veja-concursos-e-selecoes-com-editais-publicados-na-paraiba-de-15-a-22-de-dezembro","status":"publish","type":"post","link":"https:\/\/www.caririemacao.com\/1\/2019\/12\/16\/veja-concursos-e-selecoes-com-editais-publicados-na-paraiba-de-15-a-22-de-dezembro\/","title":{"rendered":"Veja concursos e sele\u00e7\u00f5es com editais publicados na Para\u00edba de 15 a 22 de dezembro"},"content":{"rendered":"\n<p>Pelo menos 462 vagas s\u00e3o oferecidas em oito editais de concursos e sele\u00e7\u00f5es publicados na Para\u00edba, nesta semana de 15 a 22 de dezembro.<\/p>\n\n\n\n<h2 class=\"wp-block-heading\"><a href=\"https:\/\/g1.globo.com\/pb\/paraiba\/noticia\/2019\/11\/08\/divulgado-edital-de-selecao-da-prefeitura-de-gurinhem-pb.ghtml\" target=\"_blank\" rel=\"noreferrer noopener\">Sele\u00e7\u00e3o<\/a>&nbsp;e&nbsp;<a href=\"https:\/\/g1.globo.com\/pb\/paraiba\/noticia\/2019\/11\/10\/divulgado-edital-de-concurso-da-prefeitura-de-gurinhem-pb.ghtml\" target=\"_blank\" rel=\"noreferrer noopener\">Concurso<\/a>&nbsp;da prefeitura de Gurinh\u00e9m<\/h2>\n\n\n\n<ul class=\"wp-block-list\"><li><strong>Vagas:<\/strong>&nbsp;40 | 119<\/li><li><strong>N\u00edveis:<\/strong>&nbsp;fundamental, m\u00e9dio, t\u00e9cnico e superior<\/li><li><strong>Sal\u00e1rios:<\/strong>&nbsp;R$ 998 a R$ 5 mil<\/li><li><strong>Prazo de inscri\u00e7\u00e3o:&nbsp;<\/strong>at\u00e9 quarta-feira (18)<\/li><li><strong>Local de inscri\u00e7\u00e3o:<\/strong>&nbsp;<a href=\"https:\/\/cpcon.uepb.edu.br\/concursos\/2019_PM_GURINHEM_PSS\/\" target=\"_blank\" rel=\"noreferrer noopener\">site da organizadora, CPCon<\/a><\/li><li><strong>Taxas de inscri\u00e7\u00e3o:<\/strong>&nbsp;R$ 65 (fundamental), R$ 85 (m\u00e9dio e t\u00e9cnico) e R$ 105 (superior)<\/li><li><strong>Provas:<\/strong>&nbsp;16 de fevereiro de 2020<\/li><li><a href=\"https:\/\/cpcon.uepb.edu.br\/concursos\/2019_PM_GURINHEM_PSS\/Edital\/EDITAL_NORMATIVO_GURINHEM_PSS_001_2019.pdf\" target=\"_blank\" rel=\"noreferrer noopener\">Editais da sele\u00e7\u00e3o e do concurso da prefeitura de Gurinh\u00e9m<\/a><\/li><\/ul>\n\n\n\n<h2 class=\"wp-block-heading\"><a href=\"https:\/\/g1.globo.com\/pb\/paraiba\/noticia\/2019\/11\/14\/divulgado-edital-de-concurso-da-prefeitura-de-pirpirituba-na-paraiba.ghtml\" target=\"_blank\" rel=\"noreferrer noopener\">Concurso da Prefeitura de Pirpirituba<\/a><\/h2>\n\n\n\n<ul class=\"wp-block-list\"><li><strong>Vagas:<\/strong>&nbsp;24<\/li><li><strong>N\u00edveis:<\/strong>&nbsp;fundamental, m\u00e9dio, t\u00e9cnico e superior<\/li><li><strong>Sal\u00e1rios:<\/strong>&nbsp;R$ 998 a R$ 2.114<\/li><li><strong>Prazo de inscri\u00e7\u00e3o:<\/strong>&nbsp;at\u00e9 quinta-feira (19)<\/li><li><strong>Local de inscri\u00e7\u00e3o:<\/strong>&nbsp;<a href=\"https:\/\/cpcon.uepb.edu.br\/concursos\/2019_PM_PIRPIRITUBA\/\" target=\"_blank\" rel=\"noreferrer noopener\">site da organizadora, CPCon<\/a><\/li><li><strong>Taxas de inscri\u00e7\u00e3o:&nbsp;<\/strong>R$ 65 (fundamental), R$ 85 (m\u00e9dio e t\u00e9cnico) e R$ 105 (superior)<\/li><li><strong>Provas:&nbsp;<\/strong>16 de fevereiro de 2020<\/li><li><a href=\"https:\/\/cpcon.uepb.edu.br\/concursos\/2019_PM_PIRPIRITUBA\/Edital\/2019_pmpirpirituba_edital_normativo_001.pdf\" target=\"_blank\" rel=\"noreferrer noopener\">Edital do concurso da Prefeitura de Pirpirituba<\/a><\/li><\/ul>\n\n\n\n<h2 class=\"wp-block-heading\"><a href=\"https:\/\/g1.globo.com\/pb\/paraiba\/noticia\/2019\/11\/15\/divulgado-edital-de-concurso-da-camara-municipal-de-santa-luzia-pb.ghtml\" target=\"_blank\" rel=\"noreferrer noopener\">Concurso da C\u00e2mara Municipal de Santa Luzia<\/a><\/h2>\n\n\n\n<ul class=\"wp-block-list\"><li><strong>Vagas:<\/strong>&nbsp;3<\/li><li><strong>N\u00edveis:<\/strong>&nbsp;fundamental e m\u00e9dio<\/li><li><strong>Sal\u00e1rios:&nbsp;<\/strong>R$ 998 a R$ 1.222,76<\/li><li><strong>Prazo de inscri\u00e7\u00e3o:&nbsp;<\/strong>at\u00e9 26 de dezembro<\/li><li><strong>Local de inscri\u00e7\u00e3o:<\/strong>&nbsp;<a href=\"https:\/\/cpcon.uepb.edu.br\/concursos\/2019_CM_Santa_Luzia\/cm_santa_luzia.htm\" target=\"_blank\" rel=\"noreferrer noopener\">site da organizadora, CPCon<\/a><\/li><li><strong>Taxas de inscri\u00e7\u00e3o:<\/strong>&nbsp;R$ 65 (fundamental) e R$ 85 (m\u00e9dio)<\/li><li><strong>Provas:<\/strong>&nbsp;16 de fevereiro de 2020<\/li><li><a href=\"https:\/\/cpcon.uepb.edu.br\/concursos\/2019_CM_Santa_Luzia\/Edital\/2019_cmsantaluzia_edital_normativo.pdf\" target=\"_blank\" rel=\"noreferrer noopener\">Edital do concurso da C\u00e2mara Municipal de Santa Luzia<\/a><\/li><\/ul>\n\n\n\n<h2 class=\"wp-block-heading\"><a href=\"https:\/\/g1.globo.com\/pb\/paraiba\/noticia\/2019\/10\/27\/divulgado-edital-de-concurso-da-prefeitura-de-cacimba-de-dentro-pb.ghtml\" target=\"_blank\" rel=\"noreferrer noopener\">Concurso da Prefeitura de Cacimba de Dentro<\/a><\/h2>\n\n\n\n<ul class=\"wp-block-list\"><li><strong>Vagas:<\/strong>&nbsp;71<\/li><li><strong>N\u00edveis:<\/strong>&nbsp;fundamental, m\u00e9dio, t\u00e9cnico e superior<\/li><li><strong>Sal\u00e1rios:<\/strong>&nbsp;R$ 998 a R$ 10 mil<\/li><li><strong>Prazo de inscri\u00e7\u00e3o:<\/strong>&nbsp;at\u00e9 7 de janeiro de 2020<\/li><li><strong>Local de inscri\u00e7\u00e3o:<\/strong>&nbsp;<a href=\"https:\/\/cpcon.uepb.edu.br\/concursos\/2019_PM_Cacimba_de_Dentro\/\" target=\"_blank\" rel=\"noreferrer noopener\">site da organizadora, CPCon<\/a><\/li><li><strong>Taxas de inscri\u00e7\u00e3o:<\/strong>&nbsp;R$ 65 (fundamental), R$ 85 (m\u00e9dio\/t\u00e9cnico) e R$ 105 (superior)<\/li><li><strong>Provas:&nbsp;<\/strong>16 de fevereiro de 2020<\/li><li><a href=\"https:\/\/cpcon.uepb.edu.br\/concursos\/2019_PM_Cacimba_de_Dentro\/Edital\/edital_normativo_001_2019_PMCD_PB.pdf\" target=\"_blank\" rel=\"noreferrer noopener\">Edital do concurso da Prefeitura de Cacimba de Dentro<\/a><\/li><\/ul>\n\n\n\n<h2 class=\"wp-block-heading\"><a href=\"https:\/\/g1.globo.com\/pb\/paraiba\/noticia\/2019\/10\/30\/divulgado-edital-de-concurso-da-prefeitura-de-cuitegi-pb.ghtml\" target=\"_blank\" rel=\"noreferrer noopener\">Concurso da Prefeitura de Cuitegi<\/a><\/h2>\n\n\n\n<ul class=\"wp-block-list\"><li><strong>Vagas:<\/strong>&nbsp;23<\/li><li><strong>N\u00edveis:<\/strong>&nbsp;m\u00e9dio, t\u00e9cnico e superior<\/li><li><strong>Sal\u00e1rios:<\/strong>&nbsp;R$ 998 a R$ 12 mil<\/li><li><strong>Prazo de inscri\u00e7\u00e3o:<\/strong>&nbsp;at\u00e9 7 de janeiro de 2020<\/li><li><strong>Local de inscri\u00e7\u00e3o:<\/strong>&nbsp;<a href=\"https:\/\/cpcon.uepb.edu.br\/concursos\/2019_PM_Cacimba_de_Dentro\/\" target=\"_blank\" rel=\"noreferrer noopener\">site da organizadora, CPCon<\/a><\/li><li><strong>Taxas de inscri\u00e7\u00e3o:<\/strong>&nbsp;R$ 85 (m\u00e9dio\/t\u00e9cnico) e R$ 105 (superior)<\/li><li><strong>Provas:&nbsp;<\/strong>16 de fevereiro de 2020<\/li><li><a href=\"https:\/\/cpcon.uepb.edu.br\/concursos\/2019_PM_Cuitegi\/Edital\/edital_normativo_001_2019_PMC_PB.pdf\" target=\"_blank\" rel=\"noreferrer noopener\">Edital do concurso da Prefeitura de Cuitegi<\/a><\/li><\/ul>\n\n\n\n<h2 class=\"wp-block-heading\"><a href=\"https:\/\/g1.globo.com\/pb\/paraiba\/noticia\/2019\/12\/06\/divulgado-edital-de-concurso-da-prefeitura-de-sape-pb.ghtml\" target=\"_blank\" rel=\"noreferrer noopener\">Concurso da Prefeitura de Sap\u00e9<\/a><\/h2>\n\n\n\n<ul class=\"wp-block-list\"><li><strong>Vagas:\u00a0<\/strong>182<\/li><li><strong>N\u00edveis:\u00a0<\/strong>fundamental, m\u00e9dio, t\u00e9cnico e superior<\/li><li><strong>Sal\u00e1rios:<\/strong>\u00a0R$ 998 a R$ 2.853,47<\/li><li><strong>Prazo de inscri\u00e7\u00e3o:<\/strong>\u00a0at\u00e9 19 de janeiro de 2020<\/li><li><strong>Local de inscri\u00e7\u00e3o:<\/strong>\u00a0<a rel=\"noreferrer noopener\" href=\"https:\/\/cpcon.uepb.edu.br\/\" target=\"_blank\">site da organizadora, CPCon<\/a><\/li><li><strong>Taxas de inscri\u00e7\u00e3o:\u00a0<\/strong>R$ 65 (fundamental), R$ 85 (m\u00e9dio\/t\u00e9cnico) e R$ 105 (superior)<\/li><li><strong>Provas:\u00a0<\/strong>16 de fevereiro de 2020<\/li><li><a rel=\"noreferrer noopener\" href=\"https:\/\/cpcon.uepb.edu.br\/concursos\/2019_pmsape\/Edital\/2019_pmsape_edital_normativo_001.pdf\" target=\"_blank\">Edital do concurso da Prefeitura de Sap\u00e9<\/a> <\/li><li><\/li><li><\/li><li>G1PB<\/li><\/ul>\n","protected":false},"excerpt":{"rendered":"<p>Pelo menos 462 vagas s\u00e3o oferecidas em oito editais de concursos e sele\u00e7\u00f5es publicados na Para\u00edba, nesta semana de 15 a 22 de dezembro. Sele\u00e7\u00e3o&nbsp;e&nbsp;Concurso&nbsp;da&hellip; <\/p>\n","protected":false},"author":1,"featured_media":92258,"comment_status":"closed","ping_status":"closed","sticky":false,"template":"","format":"standard","meta":{"sfsi_plus_gutenberg_text_before_share":"","sfsi_plus_gutenberg_show_text_before_share":"","sfsi_plus_gutenberg_icon_type":"","sfsi_plus_gutenberg_icon_alignemt":"","sfsi_plus_gutenburg_max_per_row":"","footnotes":""},"categories":[6,50],"tags":[],"class_list":["post-141023","post","type-post","status-publish","format-standard","has-post-thumbnail","hentry","category-cidades","category-destaque"],"_links":{"self":[{"href":"https:\/\/www.caririemacao.com\/1\/wp-json\/wp\/v2\/posts\/141023","targetHints":{"allow":["GET"]}}],"collection":[{"href":"https:\/\/www.caririemacao.com\/1\/wp-json\/wp\/v2\/posts"}],"about":[{"href":"https:\/\/www.caririemacao.com\/1\/wp-json\/wp\/v2\/types\/post"}],"author":[{"embeddable":true,"href":"https:\/\/www.caririemacao.com\/1\/wp-json\/wp\/v2\/users\/1"}],"replies":[{"embeddable":true,"href":"https:\/\/www.caririemacao.com\/1\/wp-json\/wp\/v2\/comments?post=141023"}],"version-history":[{"count":1,"href":"https:\/\/www.caririemacao.com\/1\/wp-json\/wp\/v2\/posts\/141023\/revisions"}],"predecessor-version":[{"id":141024,"href":"https:\/\/www.caririemacao.com\/1\/wp-json\/wp\/v2\/posts\/141023\/revisions\/141024"}],"wp:featuredmedia":[{"embeddable":true,"href":"https:\/\/www.caririemacao.com\/1\/wp-json\/wp\/v2\/media\/92258"}],"wp:attachment":[{"href":"https:\/\/www.caririemacao.com\/1\/wp-json\/wp\/v2\/media?parent=141023"}],"wp:term":[{"taxonomy":"category","embeddable":true,"href":"https:\/\/www.caririemacao.com\/1\/wp-json\/wp\/v2\/categories?post=141023"},{"taxonomy":"post_tag","embeddable":true,"href":"https:\/\/www.caririemacao.com\/1\/wp-json\/wp\/v2\/tags?post=141023"}],"curies":[{"name":"wp","href":"https:\/\/api.w.org\/{rel}","templated":true}]}}