{"id":141026,"date":"2019-12-16T09:52:44","date_gmt":"2019-12-16T12:52:44","guid":{"rendered":"http:\/\/www.caririemacao.com\/1\/?p=141026"},"modified":"2019-12-16T09:52:44","modified_gmt":"2019-12-16T12:52:44","slug":"ibama-e-prf-libertam-59-aves-que-seriam-vendidas-em-feira-em-cidade-da-pb","status":"publish","type":"post","link":"https:\/\/www.caririemacao.com\/1\/2019\/12\/16\/ibama-e-prf-libertam-59-aves-que-seriam-vendidas-em-feira-em-cidade-da-pb\/","title":{"rendered":"Ibama e PRF libertam 59 aves que seriam vendidas em feira em cidade da PB"},"content":{"rendered":"\n<p>Cinquenta e nove aves silvestres foram apreendidos, nesse domingo (15), na Opera\u00e7\u00e3o Eleutheria, do Instituto Brasileiro do Meio Ambiente e dos Recursos Renov\u00e1veis (Ibama) e da Pol\u00edcia Rodovi\u00e1ria Federal (PRF), em Campina Grande. As apreens\u00f5es aconteceram na Feira da Prata, onde os animais seriam comercializados ilegalmente.<\/p>\n\n\n\n<p>Na opera\u00e7\u00e3o, foram lavrados oito autos de infra\u00e7\u00e3o e sete termos circunstanciados de ocorr\u00eancia contra suspeitos. Eles foram multados e responder\u00e3o por crime contra a fauna, tipificado no artigo 29, par\u00e1grafo 1\u00b0, III, da&nbsp;<a href=\"http:\/\/www.planalto.gov.br\/ccivil_03\/leis\/l9605.htm\" target=\"_blank\" rel=\"noreferrer noopener\">Lei 9.605\/98<\/a>.<\/p>\n\n\n\n<p>Ap\u00f3s a Opera\u00e7\u00e3o Eleutheria, as aves foram libertadas pelo Ibama. As gaiolas foram queimadas.<\/p>\n\n\n\n<p><em>Com Portal Correio<\/em><\/p>\n","protected":false},"excerpt":{"rendered":"<p>Cinquenta e nove aves silvestres foram apreendidos, nesse domingo (15), na Opera\u00e7\u00e3o Eleutheria, do Instituto Brasileiro do Meio Ambiente e dos Recursos Renov\u00e1veis (Ibama) e&hellip; <\/p>\n","protected":false},"author":1,"featured_media":141027,"comment_status":"closed","ping_status":"closed","sticky":false,"template":"","format":"standard","meta":{"sfsi_plus_gutenberg_text_before_share":"","sfsi_plus_gutenberg_show_text_before_share":"","sfsi_plus_gutenberg_icon_type":"","sfsi_plus_gutenberg_icon_alignemt":"","sfsi_plus_gutenburg_max_per_row":"","footnotes":""},"categories":[12],"tags":[],"class_list":["post-141026","post","type-post","status-publish","format-standard","has-post-thumbnail","hentry","category-policia"],"_links":{"self":[{"href":"https:\/\/www.caririemacao.com\/1\/wp-json\/wp\/v2\/posts\/141026","targetHints":{"allow":["GET"]}}],"collection":[{"href":"https:\/\/www.caririemacao.com\/1\/wp-json\/wp\/v2\/posts"}],"about":[{"href":"https:\/\/www.caririemacao.com\/1\/wp-json\/wp\/v2\/types\/post"}],"author":[{"embeddable":true,"href":"https:\/\/www.caririemacao.com\/1\/wp-json\/wp\/v2\/users\/1"}],"replies":[{"embeddable":true,"href":"https:\/\/www.caririemacao.com\/1\/wp-json\/wp\/v2\/comments?post=141026"}],"version-history":[{"count":1,"href":"https:\/\/www.caririemacao.com\/1\/wp-json\/wp\/v2\/posts\/141026\/revisions"}],"predecessor-version":[{"id":141028,"href":"https:\/\/www.caririemacao.com\/1\/wp-json\/wp\/v2\/posts\/141026\/revisions\/141028"}],"wp:featuredmedia":[{"embeddable":true,"href":"https:\/\/www.caririemacao.com\/1\/wp-json\/wp\/v2\/media\/141027"}],"wp:attachment":[{"href":"https:\/\/www.caririemacao.com\/1\/wp-json\/wp\/v2\/media?parent=141026"}],"wp:term":[{"taxonomy":"category","embeddable":true,"href":"https:\/\/www.caririemacao.com\/1\/wp-json\/wp\/v2\/categories?post=141026"},{"taxonomy":"post_tag","embeddable":true,"href":"https:\/\/www.caririemacao.com\/1\/wp-json\/wp\/v2\/tags?post=141026"}],"curies":[{"name":"wp","href":"https:\/\/api.w.org\/{rel}","templated":true}]}}