{"id":141029,"date":"2019-12-16T09:53:48","date_gmt":"2019-12-16T12:53:48","guid":{"rendered":"http:\/\/www.caririemacao.com\/1\/?p=141029"},"modified":"2019-12-16T09:53:48","modified_gmt":"2019-12-16T12:53:48","slug":"acidente-entre-van-e-carro-deixa-onze-feridos-em-rodovia-da-paraiba","status":"publish","type":"post","link":"https:\/\/www.caririemacao.com\/1\/2019\/12\/16\/acidente-entre-van-e-carro-deixa-onze-feridos-em-rodovia-da-paraiba\/","title":{"rendered":"Acidente entre van e carro deixa onze feridos em rodovia da Para\u00edba"},"content":{"rendered":"\n<p>Um acidente envolvendo uma van e um carro deixou pelo menos onze pessoas feridas, no munic\u00edpio do Conde, Litoral Sul da Para\u00edba, neste domingo (15). O motorista da van disse que trafegava com destino a Caapor\u00e3 e o carro seguia de frente. No entanto, nenhum ve\u00edculo conseguiu desviar do outro e houve a colis\u00e3o frontal.<\/p>\n\n\n\n<p>No carro estavam duas pessoas e na van algumas fam\u00edlias, inclusive crian\u00e7as. O Samu e o Corpo de Bombeiros estiveram no local e realizaram os primeiros atendimentos. Um helic\u00f3ptero foi utilizado para ajudar no socorro de uma das v\u00edtimas, que estava em estado mais grave. Nos ve\u00edculos estavam quatro adolescentes, quatro crian\u00e7as e tr\u00eas adultos.<\/p>\n\n\n\n<p>Oito v\u00edtimas foram levadas para o Hospital de Emerg\u00eancia e Trauma de Jo\u00e3o Pessoa. Seis delas receberam alta, mas dois homens continuam internados, um de 33 anos e outro de 63. O homem mais velho passou por cirurgia. Os dois permanecem internados em estado de sa\u00fade considerado est\u00e1vel.<\/p>\n\n\n\n<p><em>Com G1 PB<\/em><\/p>\n","protected":false},"excerpt":{"rendered":"<p>Um acidente envolvendo uma van e um carro deixou pelo menos onze pessoas feridas, no munic\u00edpio do Conde, Litoral Sul da Para\u00edba, neste domingo (15).&hellip; <\/p>\n","protected":false},"author":1,"featured_media":141030,"comment_status":"closed","ping_status":"closed","sticky":false,"template":"","format":"standard","meta":{"sfsi_plus_gutenberg_text_before_share":"","sfsi_plus_gutenberg_show_text_before_share":"","sfsi_plus_gutenberg_icon_type":"","sfsi_plus_gutenberg_icon_alignemt":"","sfsi_plus_gutenburg_max_per_row":"","footnotes":""},"categories":[12],"tags":[],"class_list":["post-141029","post","type-post","status-publish","format-standard","has-post-thumbnail","hentry","category-policia"],"_links":{"self":[{"href":"https:\/\/www.caririemacao.com\/1\/wp-json\/wp\/v2\/posts\/141029","targetHints":{"allow":["GET"]}}],"collection":[{"href":"https:\/\/www.caririemacao.com\/1\/wp-json\/wp\/v2\/posts"}],"about":[{"href":"https:\/\/www.caririemacao.com\/1\/wp-json\/wp\/v2\/types\/post"}],"author":[{"embeddable":true,"href":"https:\/\/www.caririemacao.com\/1\/wp-json\/wp\/v2\/users\/1"}],"replies":[{"embeddable":true,"href":"https:\/\/www.caririemacao.com\/1\/wp-json\/wp\/v2\/comments?post=141029"}],"version-history":[{"count":1,"href":"https:\/\/www.caririemacao.com\/1\/wp-json\/wp\/v2\/posts\/141029\/revisions"}],"predecessor-version":[{"id":141031,"href":"https:\/\/www.caririemacao.com\/1\/wp-json\/wp\/v2\/posts\/141029\/revisions\/141031"}],"wp:featuredmedia":[{"embeddable":true,"href":"https:\/\/www.caririemacao.com\/1\/wp-json\/wp\/v2\/media\/141030"}],"wp:attachment":[{"href":"https:\/\/www.caririemacao.com\/1\/wp-json\/wp\/v2\/media?parent=141029"}],"wp:term":[{"taxonomy":"category","embeddable":true,"href":"https:\/\/www.caririemacao.com\/1\/wp-json\/wp\/v2\/categories?post=141029"},{"taxonomy":"post_tag","embeddable":true,"href":"https:\/\/www.caririemacao.com\/1\/wp-json\/wp\/v2\/tags?post=141029"}],"curies":[{"name":"wp","href":"https:\/\/api.w.org\/{rel}","templated":true}]}}