{"id":141033,"date":"2019-12-16T09:54:59","date_gmt":"2019-12-16T12:54:59","guid":{"rendered":"http:\/\/www.caririemacao.com\/1\/?p=141033"},"modified":"2019-12-16T09:54:59","modified_gmt":"2019-12-16T12:54:59","slug":"fatalidade-pastor-morre-durante-oracao-no-agreste-da-paraiba","status":"publish","type":"post","link":"https:\/\/www.caririemacao.com\/1\/2019\/12\/16\/fatalidade-pastor-morre-durante-oracao-no-agreste-da-paraiba\/","title":{"rendered":"FATALIDADE: Pastor morre durante ora\u00e7\u00e3o, no Agreste da Para\u00edba"},"content":{"rendered":"\n<p>Um pastor morreu neste domingo (15) enquanto fazia uma ora\u00e7\u00e3o, no S\u00edtio Mote Santo, Zona Rural de Cuit\u00e9, no Agreste paraibano. Ele teria passado mal, mas n\u00e3o h\u00e1 informa\u00e7\u00f5es do que teria causado a morte.<\/p>\n\n\n\n<p>Conforme informa\u00e7\u00f5es da Pol\u00edcia Militar, Jos\u00e9 Aparecido Ferreira tinha 63 anos. Ele era natural do Rio Grande do Norte e estava na companhia de outro pastor fazendo uma campanha de ora\u00e7\u00f5es.<\/p>\n\n\n\n<p>Segundo relato feito \u00e0 pol\u00edcia pela esposa do pastor que faleceu, o homem tinha problemas cardiovasculares.<\/p>\n\n\n\n<p><em>Com G1 PB<\/em><\/p>\n","protected":false},"excerpt":{"rendered":"<p>Um pastor morreu neste domingo (15) enquanto fazia uma ora\u00e7\u00e3o, no S\u00edtio Mote Santo, Zona Rural de Cuit\u00e9, no Agreste paraibano. Ele teria passado mal,&hellip; <\/p>\n","protected":false},"author":1,"featured_media":35049,"comment_status":"closed","ping_status":"closed","sticky":false,"template":"","format":"standard","meta":{"sfsi_plus_gutenberg_text_before_share":"","sfsi_plus_gutenberg_show_text_before_share":"","sfsi_plus_gutenberg_icon_type":"","sfsi_plus_gutenberg_icon_alignemt":"","sfsi_plus_gutenburg_max_per_row":"","footnotes":""},"categories":[12],"tags":[],"class_list":["post-141033","post","type-post","status-publish","format-standard","has-post-thumbnail","hentry","category-policia"],"_links":{"self":[{"href":"https:\/\/www.caririemacao.com\/1\/wp-json\/wp\/v2\/posts\/141033","targetHints":{"allow":["GET"]}}],"collection":[{"href":"https:\/\/www.caririemacao.com\/1\/wp-json\/wp\/v2\/posts"}],"about":[{"href":"https:\/\/www.caririemacao.com\/1\/wp-json\/wp\/v2\/types\/post"}],"author":[{"embeddable":true,"href":"https:\/\/www.caririemacao.com\/1\/wp-json\/wp\/v2\/users\/1"}],"replies":[{"embeddable":true,"href":"https:\/\/www.caririemacao.com\/1\/wp-json\/wp\/v2\/comments?post=141033"}],"version-history":[{"count":1,"href":"https:\/\/www.caririemacao.com\/1\/wp-json\/wp\/v2\/posts\/141033\/revisions"}],"predecessor-version":[{"id":141034,"href":"https:\/\/www.caririemacao.com\/1\/wp-json\/wp\/v2\/posts\/141033\/revisions\/141034"}],"wp:featuredmedia":[{"embeddable":true,"href":"https:\/\/www.caririemacao.com\/1\/wp-json\/wp\/v2\/media\/35049"}],"wp:attachment":[{"href":"https:\/\/www.caririemacao.com\/1\/wp-json\/wp\/v2\/media?parent=141033"}],"wp:term":[{"taxonomy":"category","embeddable":true,"href":"https:\/\/www.caririemacao.com\/1\/wp-json\/wp\/v2\/categories?post=141033"},{"taxonomy":"post_tag","embeddable":true,"href":"https:\/\/www.caririemacao.com\/1\/wp-json\/wp\/v2\/tags?post=141033"}],"curies":[{"name":"wp","href":"https:\/\/api.w.org\/{rel}","templated":true}]}}