{"id":141036,"date":"2019-12-16T09:59:43","date_gmt":"2019-12-16T12:59:43","guid":{"rendered":"http:\/\/www.caririemacao.com\/1\/?p=141036"},"modified":"2019-12-16T09:59:43","modified_gmt":"2019-12-16T12:59:43","slug":"palmeiras-oficializa-contratacao-de-treinador-para-a-temporada-de-2020","status":"publish","type":"post","link":"https:\/\/www.caririemacao.com\/1\/2019\/12\/16\/palmeiras-oficializa-contratacao-de-treinador-para-a-temporada-de-2020\/","title":{"rendered":"Palmeiras oficializa contrata\u00e7\u00e3o de treinador para a temporada de 2020"},"content":{"rendered":"\n<p>O Palmeiras anunciou na tarde deste domingo (15) a contrata\u00e7\u00e3o do t\u00e9cnico Vanderlei Luxemburgo para a temporada de 2020. O contrato ser\u00e1 de dois anos, e Luxemburgo come\u00e7ar\u00e1 os trabalhos nesta semana.<\/p>\n\n\n\n<p>O t\u00e9cnico estava no Tocantins e foi chamado para uma reuni\u00e3o com o presidente do clube, Maur\u00edcio Galiotte neste domingo (15), em S\u00e3o Paulo, um dia depois de o clube desistir do argentino Jorge Sampaoli.<\/p>\n\n\n\n<p>Em 2019, Luxemburgo treinou o Vasco da Gama no Campeonato Brasileiro. A equipe terminou na 12\u00aa coloca\u00e7\u00e3o do torneio.<\/p>\n\n\n\n<p>Essa ser\u00e1 a quinta passagem dele pelo clube alviverde. Ele comandou o time em 1993 e 1994, em 1996, 2002 e em 2008 e 2009. No total, ele fez 369 partidas pelo Palmeiras e obteve 221 vit\u00f3rias, 81 empates e 67 derrotas.<\/p>\n\n\n\n<p>\u200bNo Palmeiras, conquistou quatro Campeonatos Paulistas (1993, 1994, 1996 e 2008) e os Campeonatos Brasileiro de 1993 e 1994.<\/p>\n\n\n\n<p>O time alviverde procurava por um treinador desde a demiss\u00e3o de Mano Menezes, no dia 1\u00ba deste m\u00eas. Sampaoli era o nome preferido, por\u00e9m, ele pediu sal\u00e1rios considerados altos pelos dirigentes do clube.<\/p>\n\n\n\n<p>O custo total com a comiss\u00e3o t\u00e9cnica seria de R$ 2 milh\u00f5es mensais. Galiotte fez uma contraproposta, que n\u00e3o foi aceita pelo argentino.<\/p>\n\n\n\n<p><\/p>\n\n\n\n<p>FOLHA PRESS<\/p>\n","protected":false},"excerpt":{"rendered":"<p>O Palmeiras anunciou na tarde deste domingo (15) a contrata\u00e7\u00e3o do t\u00e9cnico Vanderlei Luxemburgo para a temporada de 2020. O contrato ser\u00e1 de dois anos,&hellip; <\/p>\n","protected":false},"author":1,"featured_media":141037,"comment_status":"closed","ping_status":"closed","sticky":false,"template":"","format":"standard","meta":{"sfsi_plus_gutenberg_text_before_share":"","sfsi_plus_gutenberg_show_text_before_share":"","sfsi_plus_gutenberg_icon_type":"","sfsi_plus_gutenberg_icon_alignemt":"","sfsi_plus_gutenburg_max_per_row":"","footnotes":""},"categories":[13],"tags":[],"class_list":["post-141036","post","type-post","status-publish","format-standard","has-post-thumbnail","hentry","category-esportes"],"_links":{"self":[{"href":"https:\/\/www.caririemacao.com\/1\/wp-json\/wp\/v2\/posts\/141036","targetHints":{"allow":["GET"]}}],"collection":[{"href":"https:\/\/www.caririemacao.com\/1\/wp-json\/wp\/v2\/posts"}],"about":[{"href":"https:\/\/www.caririemacao.com\/1\/wp-json\/wp\/v2\/types\/post"}],"author":[{"embeddable":true,"href":"https:\/\/www.caririemacao.com\/1\/wp-json\/wp\/v2\/users\/1"}],"replies":[{"embeddable":true,"href":"https:\/\/www.caririemacao.com\/1\/wp-json\/wp\/v2\/comments?post=141036"}],"version-history":[{"count":1,"href":"https:\/\/www.caririemacao.com\/1\/wp-json\/wp\/v2\/posts\/141036\/revisions"}],"predecessor-version":[{"id":141038,"href":"https:\/\/www.caririemacao.com\/1\/wp-json\/wp\/v2\/posts\/141036\/revisions\/141038"}],"wp:featuredmedia":[{"embeddable":true,"href":"https:\/\/www.caririemacao.com\/1\/wp-json\/wp\/v2\/media\/141037"}],"wp:attachment":[{"href":"https:\/\/www.caririemacao.com\/1\/wp-json\/wp\/v2\/media?parent=141036"}],"wp:term":[{"taxonomy":"category","embeddable":true,"href":"https:\/\/www.caririemacao.com\/1\/wp-json\/wp\/v2\/categories?post=141036"},{"taxonomy":"post_tag","embeddable":true,"href":"https:\/\/www.caririemacao.com\/1\/wp-json\/wp\/v2\/tags?post=141036"}],"curies":[{"name":"wp","href":"https:\/\/api.w.org\/{rel}","templated":true}]}}