{"id":141040,"date":"2019-12-16T10:00:44","date_gmt":"2019-12-16T13:00:44","guid":{"rendered":"http:\/\/www.caririemacao.com\/1\/?p=141040"},"modified":"2019-12-16T10:00:44","modified_gmt":"2019-12-16T13:00:44","slug":"bolsonaro-quer-iniciar-2020-com-reforma-ministerial-no-alto-escalao","status":"publish","type":"post","link":"https:\/\/www.caririemacao.com\/1\/2019\/12\/16\/bolsonaro-quer-iniciar-2020-com-reforma-ministerial-no-alto-escalao\/","title":{"rendered":"Bolsonaro quer iniciar 2020 com reforma ministerial no alto escal\u00e3o"},"content":{"rendered":"\n<p>O presidente Jair Bolsonaro quer iniciar 2020 com um mapa definido da reestrutura\u00e7\u00e3o no primeiro escal\u00e3o de seu governo para ser anunciado at\u00e9 fevereiro.<\/p>\n\n\n\n<p>Em seus planos est\u00e3o tr\u00eas nomes que devem ser trocados: Onyx Lorenzoni (Casa Civil), Abraham Weintraub (Educa\u00e7\u00e3o) e Bento Albuquerque (Minas e Energia).<\/p>\n\n\n\n<p>Onyx passa por um longo processo de desgaste desde o in\u00edcio do governo. Perdeu fun\u00e7\u00f5es relevantes, como a articula\u00e7\u00e3o pol\u00edtica, transferida para Luiz Eduardo Ramos (Secretaria de Governo), e a coordena\u00e7\u00e3o jur\u00eddica da Presid\u00eancia, hoje subordinada \u00e0 Secretaria-Geral, sob o comando do ministro Jorge Oliveira.<\/p>\n\n\n\n<p>Pesa contra ele tamb\u00e9m o fato de Bolsonaro estar insatisfeito com o apoio fr\u00e1gil do DEM \u00e0 pauta governista no Congresso. Onyx \u00e9 um dos tr\u00eas ministros da legenda, junto com Tereza Cristina (Agricultura) e Luiz Henrique Mandetta (Sa\u00fade). O DEM tem hoje o comando da pauta legislativa, j\u00e1 que s\u00e3o filiados ao partido os presidentes da C\u00e2mara, Rodrigo Maia (RJ), e do Senado, Davi Alcolumbre (AP).<\/p>\n\n\n\n<p>De acordo com interlocutores do presidente, as mudan\u00e7as na equipe devem ter in\u00edcio no final de janeiro, antes da retomada das atividades do Congresso, em fevereiro. Bolsonaro n\u00e3o pretende fazer uma reforma ampla.<\/p>\n\n\n\n<p>Um aliado disse \u00e0 reportagem que as trocas devem ser graduais.<\/p>\n\n\n\n<p>Onyx ainda n\u00e3o tem destino certo. Uma possibilidade \u00e9 voltar \u00e0 C\u00e2mara, para a qual foi reeleito deputado. Outro cen\u00e1rio \u00e9 que o ministro assuma uma assessoria especial.<br>A mudan\u00e7a na Casa Civil impacta diretamente uma pasta estrat\u00e9gica para Bolsonaro, o Minist\u00e9rio da Educa\u00e7\u00e3o, hoje comandado por Abraham Weintraub.<\/p>\n\n\n\n<p>Weintraub tamb\u00e9m se enfraqueceu na medida em que Onyx foi perdendo prest\u00edgio no Planalto. O ministro \u00e9 pr\u00f3ximo ao chefe da Casa Civil, de quem foi secret\u00e1rio-executivo.<\/p>\n\n\n\n<p>Uma poss\u00edvel sa\u00edda dele tem sido aventada pelo menos desde novembro. Sua postura ideol\u00f3gica agrada ao presidente e seus filhos, mas o comportamento agressivo nas redes sociais e a capacidade de criar crises na \u00e1rea o desgastaram em alguns n\u00facleos do governo, como a \u00e1rea moderada, formada pelo comando militar e pela equipe econ\u00f4mica.<\/p>\n\n\n\n<p>Um exemplo foi a ida do titular da Educa\u00e7\u00e3o ao Congresso na \u00faltima quarta-feira (11). Weintraub atendeu a uma convoca\u00e7\u00e3o da Comiss\u00e3o de Educa\u00e7\u00e3o, mas seu tom agressivo causou desconforto em aliados. Congressistas indicam que o ministro virou motivo de piadas na Casa, o que desmoraliza o Planalto.<\/p>\n\n\n\n<p>A exonera\u00e7\u00e3o na quinta-feira (12) de sua principal assessora, Priscila Costa e Silva, serviu de pista para que aliados e grupos que buscam influ\u00eancia no MEC intensificassem as articula\u00e7\u00f5es para uma troca.<\/p>\n\n\n\n<p>Causou mal-estar a forma como o ministro decidiu n\u00e3o renovar o contrato de gest\u00e3o com a Associa\u00e7\u00e3o Roquette Pinto, que gerencia a TV Escola. Weintraub determinou um despejo da TV Escola das depend\u00eancias do MEC, cumprido na sexta (13).<\/p>\n\n\n\n<p>N\u00e3o h\u00e1 certeza sobre a continuidade do canal. De acordo com relatos \u00e0 reportagem, Weintraub teria tentado indicar pessoas para a associa\u00e7\u00e3o e influenciar nos rumos na TV.<\/p>\n\n\n\n<p>O ministro entrou em f\u00e9rias a partir deste s\u00e1bado (14), o que tem sido visto nos bastidores com press\u00e1gio de uma sa\u00edda definitiva. A previs\u00e3o de volta \u00e9 s\u00f3 no dia 4 de janeiro.<\/p>\n\n\n\n<p>Ele teve uma reuni\u00e3o com Bolsonaro no Planalto na sexta, em agenda n\u00e3o prevista. O assunto n\u00e3o foi informado.<\/p>\n\n\n\n<p>Entre as op\u00e7\u00f5es de substitutos passam indica\u00e7\u00f5es de um nome evang\u00e9lico, o que garantiria a vis\u00e3o ideol\u00f3gica de Bolsonaro \u00e0 frente da Educa\u00e7\u00e3o. A sa\u00edda de Weintraub, se confirmada, ser\u00e1 a segunda baixa na pasta vista como chave por Bolsonaro desde a campanha eleitoral.<\/p>\n\n\n\n<p>O presidente \u00e9 cr\u00edtico das universidades p\u00fablicas por entender que h\u00e1 uma domina\u00e7\u00e3o da ideologia de esquerda.<\/p>\n\n\n\n<p>Na \u00faltima quinta (12), em viagem ao Tocantins, o presidente fez um discurso duro, criticando publicamente a educa\u00e7\u00e3o no pa\u00eds. Bolsonaro disse ser um vexame que universidades brasileiras n\u00e3o estejam entre as melhores do mundo. &#8220;Todos n\u00f3s aqui somos respons\u00e1veis pela educa\u00e7\u00e3o&#8221;, disse a uma plateia de prefeitos da regi\u00e3o. &#8220;E como est\u00e1 a educa\u00e7\u00e3o no Brasil? P\u00e9ssima&#8221;, disse.<\/p>\n\n\n\n<p>Mesmo que deixe o MEC, a aposta \u00e9 que Weintraub possa ocupar outro cargo na gest\u00e3o Bolsonaro.<\/p>\n\n\n\n<p>Ele chegou \u00e0 pasta em abril para ocupar o lugar que era de Ricardo V\u00e9lez Rodr\u00edguez, demitido ap\u00f3s um processo de disputas internas.<\/p>\n\n\n\n<p>Na equipe econ\u00f4mica, \u00e9 dada como certa a sa\u00edda do almirante de esquadra Bento Albuquerque, de Minas e Energia. Com ele, o segundo escal\u00e3o tamb\u00e9m deve ser trocado, com mudan\u00e7as nas quatro secretarias (\u00d3leo e G\u00e1s, Energia, Minera\u00e7\u00e3o e Planejamento), coordenadas pela secretaria-executiva.<\/p>\n\n\n\n<p>Como uma sa\u00edda honrosa, Bolsonaro estuda indicar o ministro para a vaga destinada \u00e0 Marinha no STM (Superior Tribunal Militar). O posto ser\u00e1 aberto em maio do ano que vem com a aposentadoria do ministro Alvaro Luiz Pinto, que completar\u00e1 75 anos.<\/p>\n\n\n\n<p>Bento preenche quase todos os pr\u00e9-requisitos: \u00e9 almirante de esquadra, est\u00e1 na ativa e \u00e9 um dos veteranos. No entanto, n\u00e3o \u00e9 o mais antigo na carreira, crit\u00e9rio que costuma ser levado em conta na escolha.<\/p>\n\n\n\n<p>Para o comando de Minas e Energia, o nome mais forte, no momento, \u00e9 o do deputado federal Fernando Coelho Filho (DEM-PE), ex-ministro da pasta no governo de Michel Temer.<\/p>\n\n\n\n<p>Embora seja alvo de cr\u00edticas de parlamentares, a sa\u00edda do general Luiz Eduardo Ramos, da Secretaria de Governo, \u00e9 vista como remota.<\/p>\n\n\n\n<p><\/p>\n\n\n\n<p>FOLHA PRESS<br><\/p>\n","protected":false},"excerpt":{"rendered":"<p>O presidente Jair Bolsonaro quer iniciar 2020 com um mapa definido da reestrutura\u00e7\u00e3o no primeiro escal\u00e3o de seu governo para ser anunciado at\u00e9 fevereiro. Em&hellip; <\/p>\n","protected":false},"author":1,"featured_media":141041,"comment_status":"closed","ping_status":"closed","sticky":false,"template":"","format":"standard","meta":{"sfsi_plus_gutenberg_text_before_share":"","sfsi_plus_gutenberg_show_text_before_share":"","sfsi_plus_gutenberg_icon_type":"","sfsi_plus_gutenberg_icon_alignemt":"","sfsi_plus_gutenburg_max_per_row":"","footnotes":""},"categories":[11],"tags":[],"class_list":["post-141040","post","type-post","status-publish","format-standard","has-post-thumbnail","hentry","category-politica"],"_links":{"self":[{"href":"https:\/\/www.caririemacao.com\/1\/wp-json\/wp\/v2\/posts\/141040","targetHints":{"allow":["GET"]}}],"collection":[{"href":"https:\/\/www.caririemacao.com\/1\/wp-json\/wp\/v2\/posts"}],"about":[{"href":"https:\/\/www.caririemacao.com\/1\/wp-json\/wp\/v2\/types\/post"}],"author":[{"embeddable":true,"href":"https:\/\/www.caririemacao.com\/1\/wp-json\/wp\/v2\/users\/1"}],"replies":[{"embeddable":true,"href":"https:\/\/www.caririemacao.com\/1\/wp-json\/wp\/v2\/comments?post=141040"}],"version-history":[{"count":1,"href":"https:\/\/www.caririemacao.com\/1\/wp-json\/wp\/v2\/posts\/141040\/revisions"}],"predecessor-version":[{"id":141042,"href":"https:\/\/www.caririemacao.com\/1\/wp-json\/wp\/v2\/posts\/141040\/revisions\/141042"}],"wp:featuredmedia":[{"embeddable":true,"href":"https:\/\/www.caririemacao.com\/1\/wp-json\/wp\/v2\/media\/141041"}],"wp:attachment":[{"href":"https:\/\/www.caririemacao.com\/1\/wp-json\/wp\/v2\/media?parent=141040"}],"wp:term":[{"taxonomy":"category","embeddable":true,"href":"https:\/\/www.caririemacao.com\/1\/wp-json\/wp\/v2\/categories?post=141040"},{"taxonomy":"post_tag","embeddable":true,"href":"https:\/\/www.caririemacao.com\/1\/wp-json\/wp\/v2\/tags?post=141040"}],"curies":[{"name":"wp","href":"https:\/\/api.w.org\/{rel}","templated":true}]}}