{"id":141044,"date":"2019-12-16T10:02:31","date_gmt":"2019-12-16T13:02:31","guid":{"rendered":"http:\/\/www.caririemacao.com\/1\/?p=141044"},"modified":"2019-12-16T10:02:31","modified_gmt":"2019-12-16T13:02:31","slug":"mudancas-em-contratos-da-globo-atingem-william-bonner-gloria-maria-e-sandra-annenberg","status":"publish","type":"post","link":"https:\/\/www.caririemacao.com\/1\/2019\/12\/16\/mudancas-em-contratos-da-globo-atingem-william-bonner-gloria-maria-e-sandra-annenberg\/","title":{"rendered":"Mudan\u00e7as em contratos da Globo atingem William Bonner, Gl\u00f3ria Maria e Sandra Annenberg"},"content":{"rendered":"\n<p>O jornalismo da Globo est\u00e1 passando por mudan\u00e7as e nem jornalistas do alto escal\u00e3o da emissora ser\u00e3o poupados. Segundo o colunista Ricardo Feltrin, h\u00e1 determina\u00e7\u00e3o para que todas as contrata\u00e7\u00f5es via Pessoa Jur\u00eddica sejam convertidos para o regime da carteira de trabalho (CLT).&nbsp;&nbsp;<\/p>\n\n\n\n<p>Incluindo sal\u00e1rios vultuosos como de Renata Vasconcellos, Sandra Annenberg, Gl\u00f3ria Maria e William Bonner. Os profissionais s\u00e3o respons\u00e1veis pelos principais telejornais da emissora.&nbsp;<\/p>\n\n\n\n<p>At\u00e9 o momento a mudan\u00e7a tem sido bem aceita pela maioria dos jornalistas da casa, mas tamb\u00e9m h\u00e1 profissionais que recusaram as condi\u00e7\u00f5es da emissora e passar\u00e3o a atuar como freelancers.<\/p>\n\n\n\n<p>\u00c9 o caso de Tino Marcos, que passar\u00e1 a receber por obra ou ser\u00e1 deslocado para coberturas espec\u00edficas. Outro jornalista que demonstrou insatisfa\u00e7\u00e3o foi Marcos Uch\u00f4a, que ainda n\u00e3o deu uma resposta \u00e0 Globo e decidiu se afastar temporariamente.&nbsp;<\/p>\n\n\n\n<p>No entretenimento, Zeca Camargo, Ang\u00e9lica e Patr\u00edcia Poeta tamb\u00e9m j\u00e1 foram comunicados que seus acordos tamb\u00e9m ser\u00e3o revistos para se adequarem \u00e0s exig\u00eancias internas da Globo. Os contratos dos tr\u00eas apresentadores terminam entre 2020 e 2022.<\/p>\n","protected":false},"excerpt":{"rendered":"<p>O jornalismo da Globo est\u00e1 passando por mudan\u00e7as e nem jornalistas do alto escal\u00e3o da emissora ser\u00e3o poupados. Segundo o colunista Ricardo Feltrin, h\u00e1 determina\u00e7\u00e3o&hellip; <\/p>\n","protected":false},"author":1,"featured_media":92536,"comment_status":"closed","ping_status":"closed","sticky":false,"template":"","format":"standard","meta":{"sfsi_plus_gutenberg_text_before_share":"","sfsi_plus_gutenberg_show_text_before_share":"","sfsi_plus_gutenberg_icon_type":"","sfsi_plus_gutenberg_icon_alignemt":"","sfsi_plus_gutenburg_max_per_row":"","footnotes":""},"categories":[2],"tags":[],"class_list":["post-141044","post","type-post","status-publish","format-standard","has-post-thumbnail","hentry","category-geral"],"_links":{"self":[{"href":"https:\/\/www.caririemacao.com\/1\/wp-json\/wp\/v2\/posts\/141044","targetHints":{"allow":["GET"]}}],"collection":[{"href":"https:\/\/www.caririemacao.com\/1\/wp-json\/wp\/v2\/posts"}],"about":[{"href":"https:\/\/www.caririemacao.com\/1\/wp-json\/wp\/v2\/types\/post"}],"author":[{"embeddable":true,"href":"https:\/\/www.caririemacao.com\/1\/wp-json\/wp\/v2\/users\/1"}],"replies":[{"embeddable":true,"href":"https:\/\/www.caririemacao.com\/1\/wp-json\/wp\/v2\/comments?post=141044"}],"version-history":[{"count":1,"href":"https:\/\/www.caririemacao.com\/1\/wp-json\/wp\/v2\/posts\/141044\/revisions"}],"predecessor-version":[{"id":141045,"href":"https:\/\/www.caririemacao.com\/1\/wp-json\/wp\/v2\/posts\/141044\/revisions\/141045"}],"wp:featuredmedia":[{"embeddable":true,"href":"https:\/\/www.caririemacao.com\/1\/wp-json\/wp\/v2\/media\/92536"}],"wp:attachment":[{"href":"https:\/\/www.caririemacao.com\/1\/wp-json\/wp\/v2\/media?parent=141044"}],"wp:term":[{"taxonomy":"category","embeddable":true,"href":"https:\/\/www.caririemacao.com\/1\/wp-json\/wp\/v2\/categories?post=141044"},{"taxonomy":"post_tag","embeddable":true,"href":"https:\/\/www.caririemacao.com\/1\/wp-json\/wp\/v2\/tags?post=141044"}],"curies":[{"name":"wp","href":"https:\/\/api.w.org\/{rel}","templated":true}]}}