{"id":141046,"date":"2019-12-16T10:03:57","date_gmt":"2019-12-16T13:03:57","guid":{"rendered":"http:\/\/www.caririemacao.com\/1\/?p=141046"},"modified":"2019-12-16T10:03:57","modified_gmt":"2019-12-16T13:03:57","slug":"relatorio-233-criancas-e-adolescentes-sao-agredidos-por-dia-no-brasil","status":"publish","type":"post","link":"https:\/\/www.caririemacao.com\/1\/2019\/12\/16\/relatorio-233-criancas-e-adolescentes-sao-agredidos-por-dia-no-brasil\/","title":{"rendered":"Relat\u00f3rio: 233 crian\u00e7as e adolescentes s\u00e3o agredidos por dia no Brasil"},"content":{"rendered":"\n<p>Por dia, ao menos 233 crian\u00e7as e adolescentes s\u00e3o agredidos, sofrem viol\u00eancia psicol\u00f3gica ou s\u00e3o v\u00edtimas de tortura no Pa\u00eds. Mas esses dados se referem apenas aos casos notificados, de modo que o n\u00famero de pessoas de 0 a 19 anos que s\u00e3o alvo de viol\u00eancia pode ser muito maior. A avalia\u00e7\u00e3o \u00e9 da Sociedade Brasileira de Pediatria (SBP), que pela primeira vez fez um levantamento sobre o tema a fim de alertar a sociedade e iniciar uma campanha de orienta\u00e7\u00e3o para os pediatras.<\/p>\n\n\n\n<p>O relat\u00f3rio tem como base dados coletados pelo Sistema Nacional de Agravos de Notifica\u00e7\u00e3o (Sinan), do Minist\u00e9rio da Sa\u00fade, de 2009 a 2017, \u00faltimo ano com informa\u00e7\u00f5es dispon\u00edveis e que contabilizou 85.293 registros. Em todo o per\u00edodo, foram 471.178 notifica\u00e7\u00f5es.<\/p>\n\n\n\n<p>\u201cPrecisamos ter mais conceitos desse conjunto e ir al\u00e9m dos n\u00fameros. A viol\u00eancia \u00e9 uma doen\u00e7a cr\u00f4nica, epid\u00eamica e contagiosa. Ela tem uma hist\u00f3ria, tem exames que comprovam, tem tratamento, tem orienta\u00e7\u00e3o a se fazer. \u00c9 uma condi\u00e7\u00e3o que tem de ser tratada de forma multiprofissional. Outra caracter\u00edstica \u00e9 que ela acontece em todas as classes sociais e n\u00e3o tem rela\u00e7\u00e3o com escolaridade\u201d, explica Marco Ant\u00f4nio Chaves Gama, presidente do Departamento Cient\u00edfico de Seguran\u00e7a da Crian\u00e7a e do Adolescente da SBP.<\/p>\n\n\n\n<p>Segundo ele, a maioria dos casos ocorre em casa e \u00e9 praticada pelos pais. \u201cO n\u00edvel de repeti\u00e7\u00e3o \u00e9 de 40%. A fam\u00edlia da crian\u00e7a que \u00e9 agredida tem de ser muito bem avaliada por multiprofissionais que tiveram treinamento sobre isso. Baseado nesse diagn\u00f3stico, \u00e9 poss\u00edvel determinar se a fam\u00edlia tem condi\u00e7\u00e3o de se recuperar ou se a crian\u00e7a precisa ser abrigada.\u201d<\/p>\n\n\n\n<p>Presidente da sociedade, Luciana Rodrigues Silva afirma que, apesar da poss\u00edvel subnotifica\u00e7\u00e3o, o n\u00famero de casos tem crescido ano a ano. \u201cN\u00e3o s\u00f3 porque (as ocorr\u00eancias) t\u00eam aumentado, mas porque as den\u00fancias v\u00eam crescendo. H\u00e1 uma preocupa\u00e7\u00e3o muito grande, porque temos, de forma incans\u00e1vel, de proteger cada crian\u00e7a e adolescente\u201d, analisa.<\/p>\n\n\n\n<p>A partir de janeiro, a SBP vai iniciar uma campanha com os pediatras para ajud\u00e1-los a reconhecer sinais de viol\u00eancia f\u00edsica e psicol\u00f3gica, al\u00e9m de orienta\u00e7\u00f5es para notifica\u00e7\u00e3o dos casos.<\/p>\n\n\n\n<p>\u201c\u00c9 preciso que a popula\u00e7\u00e3o saiba que o pediatra cuida desde antes do nascimento at\u00e9 os 19 anos. O Brasil est\u00e1 aqu\u00e9m dessas quest\u00f5es de acompanhamento psicol\u00f3gico e familiar. Os pais devem ser orientados desde a primeira inf\u00e2ncia e \u00e9 preciso que os gestores se voltem para essa quest\u00e3o. Vamos fazer a campanha com os profissionais e ampliar o levantamento. Precisamos aumentar a nossa percep\u00e7\u00e3o de que os problemas existem e n\u00e3o podemos nos omitir\u201d, explica.<\/p>\n\n\n\n<p>A entidade tamb\u00e9m quer evitar os casos de \u00f3bito por agress\u00e3o. Um recorte de 2009 a 2014 feito pela SBP mostrou que ocorreram 35.855 encaminhamentos para hospitaliza\u00e7\u00e3o e 3.296 mortes no per\u00edodo. De acordo com a entidade, um grupo de trabalho formado por membros da SBP, do Conselho Federal de Medicina (CFM) e do Minist\u00e9rio da Mulher, da Fam\u00edlia e dos Direitos Humanos tem se reunido para desenvolver estrat\u00e9gias que possam reverter essa situa\u00e7\u00e3o.<\/p>\n\n\n\n<p><strong>Estad\u00e3o<\/strong><\/p>\n","protected":false},"excerpt":{"rendered":"<p>Por dia, ao menos 233 crian\u00e7as e adolescentes s\u00e3o agredidos, sofrem viol\u00eancia psicol\u00f3gica ou s\u00e3o v\u00edtimas de tortura no Pa\u00eds. Mas esses dados se referem&hellip; <\/p>\n","protected":false},"author":1,"featured_media":111564,"comment_status":"closed","ping_status":"closed","sticky":false,"template":"","format":"standard","meta":{"sfsi_plus_gutenberg_text_before_share":"","sfsi_plus_gutenberg_show_text_before_share":"","sfsi_plus_gutenberg_icon_type":"","sfsi_plus_gutenberg_icon_alignemt":"","sfsi_plus_gutenburg_max_per_row":"","footnotes":""},"categories":[2],"tags":[],"class_list":["post-141046","post","type-post","status-publish","format-standard","has-post-thumbnail","hentry","category-geral"],"_links":{"self":[{"href":"https:\/\/www.caririemacao.com\/1\/wp-json\/wp\/v2\/posts\/141046","targetHints":{"allow":["GET"]}}],"collection":[{"href":"https:\/\/www.caririemacao.com\/1\/wp-json\/wp\/v2\/posts"}],"about":[{"href":"https:\/\/www.caririemacao.com\/1\/wp-json\/wp\/v2\/types\/post"}],"author":[{"embeddable":true,"href":"https:\/\/www.caririemacao.com\/1\/wp-json\/wp\/v2\/users\/1"}],"replies":[{"embeddable":true,"href":"https:\/\/www.caririemacao.com\/1\/wp-json\/wp\/v2\/comments?post=141046"}],"version-history":[{"count":1,"href":"https:\/\/www.caririemacao.com\/1\/wp-json\/wp\/v2\/posts\/141046\/revisions"}],"predecessor-version":[{"id":141047,"href":"https:\/\/www.caririemacao.com\/1\/wp-json\/wp\/v2\/posts\/141046\/revisions\/141047"}],"wp:featuredmedia":[{"embeddable":true,"href":"https:\/\/www.caririemacao.com\/1\/wp-json\/wp\/v2\/media\/111564"}],"wp:attachment":[{"href":"https:\/\/www.caririemacao.com\/1\/wp-json\/wp\/v2\/media?parent=141046"}],"wp:term":[{"taxonomy":"category","embeddable":true,"href":"https:\/\/www.caririemacao.com\/1\/wp-json\/wp\/v2\/categories?post=141046"},{"taxonomy":"post_tag","embeddable":true,"href":"https:\/\/www.caririemacao.com\/1\/wp-json\/wp\/v2\/tags?post=141046"}],"curies":[{"name":"wp","href":"https:\/\/api.w.org\/{rel}","templated":true}]}}