{"id":141052,"date":"2019-12-16T11:34:29","date_gmt":"2019-12-16T14:34:29","guid":{"rendered":"http:\/\/www.caririemacao.com\/1\/?p=141052"},"modified":"2019-12-16T11:48:18","modified_gmt":"2019-12-16T14:48:18","slug":"atividades-esportivas-e-shows-musicais-movimentaram-o-distrito-de-pindurao-neste-final-de-semana","status":"publish","type":"post","link":"https:\/\/www.caririemacao.com\/1\/2019\/12\/16\/atividades-esportivas-e-shows-musicais-movimentaram-o-distrito-de-pindurao-neste-final-de-semana\/","title":{"rendered":"Atividades esportivas e shows musicais movimentaram o distrito de Pindur\u00e3o neste final de semana"},"content":{"rendered":"\n<p>Aconteceu neste s\u00e1bado,\ndia 14, v\u00e1rias atividades esportivas para comemorar a Festa de Nossa Senhora da\nConcei\u00e7\u00e3o no distrito de Pindur\u00e3o de Camala\u00fa.<\/p>\n\n\n\n<p>A Prefeitura Municipal de Camala\u00fa promoveu um grande torneio de futebol que teve iniciou pela manh\u00e3 e se estendeu at\u00e9 a tarde.<\/p>\n\n\n\n<figure class=\"wp-block-image\"><img fetchpriority=\"high\" decoding=\"async\" width=\"1024\" height=\"678\" src=\"http:\/\/www.caririemacao.com\/1\/wp-content\/uploads\/2019\/12\/DSC_0021-1024x678.jpg\" alt=\"\" class=\"wp-image-141057\" srcset=\"https:\/\/www.caririemacao.com\/1\/wp-content\/uploads\/2019\/12\/DSC_0021-1024x678.jpg 1024w, https:\/\/www.caririemacao.com\/1\/wp-content\/uploads\/2019\/12\/DSC_0021-300x199.jpg 300w, https:\/\/www.caririemacao.com\/1\/wp-content\/uploads\/2019\/12\/DSC_0021-768x509.jpg 768w\" sizes=\"(max-width: 1024px) 100vw, 1024px\" \/><\/figure>\n\n\n\n<p>Paralelo ao torneio de futebol, no per\u00edodo da tarde, foi realizada a 2\u00aa Corrida de Jegue do Distrito do Pindur\u00e3o, eventos que mobilizaram toda a comunidade.<\/p>\n\n\n\n<figure class=\"wp-block-image\"><img decoding=\"async\" width=\"1024\" height=\"678\" data-src=\"http:\/\/www.caririemacao.com\/1\/wp-content\/uploads\/2019\/12\/DSC_0010-1024x678.jpg\" alt=\"\" class=\"wp-image-141058 lazyload\" data-srcset=\"https:\/\/www.caririemacao.com\/1\/wp-content\/uploads\/2019\/12\/DSC_0010-1024x678.jpg 1024w, https:\/\/www.caririemacao.com\/1\/wp-content\/uploads\/2019\/12\/DSC_0010-300x199.jpg 300w, https:\/\/www.caririemacao.com\/1\/wp-content\/uploads\/2019\/12\/DSC_0010-768x509.jpg 768w\" data-sizes=\"(max-width: 1024px) 100vw, 1024px\" src=\"data:image\/svg+xml;base64,PHN2ZyB3aWR0aD0iMSIgaGVpZ2h0PSIxIiB4bWxucz0iaHR0cDovL3d3dy53My5vcmcvMjAwMC9zdmciPjwvc3ZnPg==\" style=\"--smush-placeholder-width: 1024px; --smush-placeholder-aspect-ratio: 1024\/678;\" \/><\/figure>\n\n\n\n<p>Ap\u00f3s as atividades, o\nprefeito Sandro M\u00f4co, ao lado de amigos, fez a entrega da premia\u00e7\u00e3o aos\nprimeiros colocados.<\/p>\n\n\n\n<figure class=\"wp-block-image\"><img decoding=\"async\" width=\"1024\" height=\"678\" data-src=\"http:\/\/www.caririemacao.com\/1\/wp-content\/uploads\/2019\/12\/DSC_0067-1024x678.jpg\" alt=\"\" class=\"wp-image-141056 lazyload\" data-srcset=\"https:\/\/www.caririemacao.com\/1\/wp-content\/uploads\/2019\/12\/DSC_0067-1024x678.jpg 1024w, https:\/\/www.caririemacao.com\/1\/wp-content\/uploads\/2019\/12\/DSC_0067-300x199.jpg 300w, https:\/\/www.caririemacao.com\/1\/wp-content\/uploads\/2019\/12\/DSC_0067-768x509.jpg 768w, https:\/\/www.caririemacao.com\/1\/wp-content\/uploads\/2019\/12\/DSC_0067.jpg 1600w\" data-sizes=\"(max-width: 1024px) 100vw, 1024px\" src=\"data:image\/svg+xml;base64,PHN2ZyB3aWR0aD0iMSIgaGVpZ2h0PSIxIiB4bWxucz0iaHR0cDovL3d3dy53My5vcmcvMjAwMC9zdmciPjwvc3ZnPg==\" style=\"--smush-placeholder-width: 1024px; --smush-placeholder-aspect-ratio: 1024\/678;\" \/><\/figure>\n\n\n\n<p>Em seguida, o prefeito convidou todos para prestigiar os shows musicais com a participa\u00e7\u00e3o de Aleksandra Tavares e Cesinha Atrevido. Lembrando que na sexta-feira, dia 13, tamb\u00e9m teve shows com Dorgivan Brito e A Pegada Segura.<\/p>\n\n\n\n<p><a href=\"https:\/\/www.facebook.com\/pg\/CaririEmAcao\/photos\/?tab=album&amp;album_id=1746168198852529\">FOTOS DA CORRIDA DE JEGUE<\/a><\/p>\n\n\n\n<p><a href=\"https:\/\/www.facebook.com\/pg\/CaririEmAcao\/photos\/?tab=album&amp;album_id=1746182115517804\">FOTOS DA FESTA A NOITE<\/a><\/p>\n","protected":false},"excerpt":{"rendered":"<p>Aconteceu neste s\u00e1bado, dia 14, v\u00e1rias atividades esportivas para comemorar a Festa de Nossa Senhora da Concei\u00e7\u00e3o no distrito de Pindur\u00e3o de Camala\u00fa. A Prefeitura&hellip; <\/p>\n","protected":false},"author":2,"featured_media":141053,"comment_status":"closed","ping_status":"closed","sticky":false,"template":"","format":"standard","meta":{"sfsi_plus_gutenberg_text_before_share":"","sfsi_plus_gutenberg_show_text_before_share":"","sfsi_plus_gutenberg_icon_type":"","sfsi_plus_gutenberg_icon_alignemt":"","sfsi_plus_gutenburg_max_per_row":"","footnotes":""},"categories":[6,50],"tags":[],"class_list":["post-141052","post","type-post","status-publish","format-standard","has-post-thumbnail","hentry","category-cidades","category-destaque"],"_links":{"self":[{"href":"https:\/\/www.caririemacao.com\/1\/wp-json\/wp\/v2\/posts\/141052","targetHints":{"allow":["GET"]}}],"collection":[{"href":"https:\/\/www.caririemacao.com\/1\/wp-json\/wp\/v2\/posts"}],"about":[{"href":"https:\/\/www.caririemacao.com\/1\/wp-json\/wp\/v2\/types\/post"}],"author":[{"embeddable":true,"href":"https:\/\/www.caririemacao.com\/1\/wp-json\/wp\/v2\/users\/2"}],"replies":[{"embeddable":true,"href":"https:\/\/www.caririemacao.com\/1\/wp-json\/wp\/v2\/comments?post=141052"}],"version-history":[{"count":3,"href":"https:\/\/www.caririemacao.com\/1\/wp-json\/wp\/v2\/posts\/141052\/revisions"}],"predecessor-version":[{"id":141059,"href":"https:\/\/www.caririemacao.com\/1\/wp-json\/wp\/v2\/posts\/141052\/revisions\/141059"}],"wp:featuredmedia":[{"embeddable":true,"href":"https:\/\/www.caririemacao.com\/1\/wp-json\/wp\/v2\/media\/141053"}],"wp:attachment":[{"href":"https:\/\/www.caririemacao.com\/1\/wp-json\/wp\/v2\/media?parent=141052"}],"wp:term":[{"taxonomy":"category","embeddable":true,"href":"https:\/\/www.caririemacao.com\/1\/wp-json\/wp\/v2\/categories?post=141052"},{"taxonomy":"post_tag","embeddable":true,"href":"https:\/\/www.caririemacao.com\/1\/wp-json\/wp\/v2\/tags?post=141052"}],"curies":[{"name":"wp","href":"https:\/\/api.w.org\/{rel}","templated":true}]}}