{"id":141062,"date":"2019-12-16T13:30:18","date_gmt":"2019-12-16T16:30:18","guid":{"rendered":"http:\/\/www.caririemacao.com\/1\/?p=141062"},"modified":"2019-12-16T13:30:18","modified_gmt":"2019-12-16T16:30:18","slug":"prefeita-anna-lorena-celebra-final-de-ano-com-confraternizacao-do-funcionalismo","status":"publish","type":"post","link":"https:\/\/www.caririemacao.com\/1\/2019\/12\/16\/prefeita-anna-lorena-celebra-final-de-ano-com-confraternizacao-do-funcionalismo\/","title":{"rendered":"Prefeita Anna Lorena celebra final de ano com confraterniza\u00e7\u00e3o do funcionalismo"},"content":{"rendered":"\n<p>Com enormes expectativas para a chegada de 2020, a Prefeitura de Monteiro realizou nesta sexta-feira, 13, a grande e tradicional festa de confraterniza\u00e7\u00e3o de final de ano do funcionalismo, comemorando um per\u00edodo de grandes conquistas, onde cada equipe de servidores desempenharam um trabalho de grande relev\u00e2ncia para o munic\u00edpio.<\/p>\n\n\n\n<p>Neste ano a festa contou com mais anima\u00e7\u00e3o ainda, pois, em parceria com o munic\u00edpio os servidores do estado tamb\u00e9m confraternizaram fazendo desta a maior festa de confraterniza\u00e7\u00e3o j\u00e1 vista na cidade, somando cerca de 3.500 funcion\u00e1rios.<\/p>\n\n\n\n<p>\u201cEste \u00e9 um momento de bastante alegria, pois aqui encerramos 2019 com o cora\u00e7\u00e3o grato a Deus e aos servidores que se empenham em suas fun\u00e7\u00f5es em prol do desenvolvimento do munic\u00edpio. Este ano estamos ainda mais felizes pois contamos com a presen\u00e7a do funcionalismo estadual que tamb\u00e9m trabalha arduamente e com toda dedica\u00e7\u00e3o para o bem-estar dos monteirenses\u201d, disse a prefeita Anna Lorena em entrevista durante a sua chegada a Esta\u00e7\u00e3o da M\u00fasica, local onde ocorreu a comemora\u00e7\u00e3o.<\/p>\n\n\n\n<p>A programa\u00e7\u00e3o contou ainda com as apresenta\u00e7\u00f5es das bandas Quarteto Xoteado e Adriano Silva que levou o melhor do forr\u00f3, animando e convidando os participantes a dan\u00e7ar um bom forr\u00f3.<\/p>\n\n\n\n<p>A prefeita Anna Lorena cumprimentou a todos os funcion\u00e1rios, ao lado do vice prefeito Celecileno Alves, vereadores, secret\u00e1rios e representantes do Governo do Estado. Em seguida foi realizado o sorteio de dezenas de brindes, entre eles uma moto 0 km. Os participantes da animada confraterniza\u00e7\u00e3o ainda puderam se servir de um maravilhoso jantar.<\/p>\n\n\n\n<p>Para a prefeita Anna Lorena, que idealizou a iniciativa, este acontecimento social \u00e9 mais uma prova de que esta gest\u00e3o est\u00e1 valorizando verdadeiramente o servidor p\u00fablico municipal: \u201cEstamos engajados pelo melhor para o munic\u00edpio, e para tanto \u00e9 necess\u00e1rio valorizar quem faz a cidade e a zona rural funcionarem. S\u00e3o capacita\u00e7\u00f5es oferecidas em todas as \u00e1reas, e no fim de ano, nossa festa vem aproximar-nos ainda mais. Todos hoje celebramos mais um ano de trabalho duro e os resultados obtidos, hoje \u00e9 nosso dia de relaxar e curtir\u201d.<\/p>\n\n\n\n<div class=\"wp-block-image\"><figure class=\"aligncenter\"><img decoding=\"async\" data-src=\"https:\/\/i1.wp.com\/www.vitrinedocariri.com.br\/wp-content\/uploads\/2019\/12\/8330F0E0-49F1-4131-BEBF-A4BA5E4541BD.jpeg?resize=300%2C200&amp;ssl=1\" alt=\"\" class=\"wp-image-59895 lazyload\" src=\"data:image\/svg+xml;base64,PHN2ZyB3aWR0aD0iMSIgaGVpZ2h0PSIxIiB4bWxucz0iaHR0cDovL3d3dy53My5vcmcvMjAwMC9zdmciPjwvc3ZnPg==\" \/><\/figure><\/div>\n\n\n\n<div class=\"wp-block-image\"><figure class=\"aligncenter\"><img decoding=\"async\" data-src=\"https:\/\/i0.wp.com\/www.vitrinedocariri.com.br\/wp-content\/uploads\/2019\/12\/1A2FA65F-36EA-4D4B-B608-5CA207EFCE26.jpeg?resize=300%2C200&amp;ssl=1\" alt=\"\" class=\"wp-image-59893 lazyload\" src=\"data:image\/svg+xml;base64,PHN2ZyB3aWR0aD0iMSIgaGVpZ2h0PSIxIiB4bWxucz0iaHR0cDovL3d3dy53My5vcmcvMjAwMC9zdmciPjwvc3ZnPg==\" \/><\/figure><\/div>\n\n\n\n<div class=\"wp-block-image\"><figure class=\"aligncenter\"><img decoding=\"async\" data-src=\"https:\/\/i2.wp.com\/www.vitrinedocariri.com.br\/wp-content\/uploads\/2019\/12\/D40577CF-5334-48DC-8FB0-0282981570A7.jpeg?resize=300%2C200&amp;ssl=1\" alt=\"\" class=\"wp-image-59894 lazyload\" src=\"data:image\/svg+xml;base64,PHN2ZyB3aWR0aD0iMSIgaGVpZ2h0PSIxIiB4bWxucz0iaHR0cDovL3d3dy53My5vcmcvMjAwMC9zdmciPjwvc3ZnPg==\" \/><\/figure><\/div>\n\n\n\n<div class=\"wp-block-image\"><figure class=\"aligncenter\"><img decoding=\"async\" data-src=\"https:\/\/i2.wp.com\/www.vitrinedocariri.com.br\/wp-content\/uploads\/2019\/12\/A45BAE4D-1402-4567-AA5D-D727A243E581.jpeg?resize=300%2C200&amp;ssl=1\" alt=\"\" class=\"wp-image-59896 lazyload\" src=\"data:image\/svg+xml;base64,PHN2ZyB3aWR0aD0iMSIgaGVpZ2h0PSIxIiB4bWxucz0iaHR0cDovL3d3dy53My5vcmcvMjAwMC9zdmciPjwvc3ZnPg==\" \/><\/figure><\/div>\n","protected":false},"excerpt":{"rendered":"<p>Com enormes expectativas para a chegada de 2020, a Prefeitura de Monteiro realizou nesta sexta-feira, 13, a grande e tradicional festa de confraterniza\u00e7\u00e3o de final&hellip; <\/p>\n","protected":false},"author":1,"featured_media":141063,"comment_status":"closed","ping_status":"closed","sticky":false,"template":"","format":"standard","meta":{"sfsi_plus_gutenberg_text_before_share":"","sfsi_plus_gutenberg_show_text_before_share":"","sfsi_plus_gutenberg_icon_type":"","sfsi_plus_gutenberg_icon_alignemt":"","sfsi_plus_gutenburg_max_per_row":"","footnotes":""},"categories":[6],"tags":[],"class_list":["post-141062","post","type-post","status-publish","format-standard","has-post-thumbnail","hentry","category-cidades"],"_links":{"self":[{"href":"https:\/\/www.caririemacao.com\/1\/wp-json\/wp\/v2\/posts\/141062","targetHints":{"allow":["GET"]}}],"collection":[{"href":"https:\/\/www.caririemacao.com\/1\/wp-json\/wp\/v2\/posts"}],"about":[{"href":"https:\/\/www.caririemacao.com\/1\/wp-json\/wp\/v2\/types\/post"}],"author":[{"embeddable":true,"href":"https:\/\/www.caririemacao.com\/1\/wp-json\/wp\/v2\/users\/1"}],"replies":[{"embeddable":true,"href":"https:\/\/www.caririemacao.com\/1\/wp-json\/wp\/v2\/comments?post=141062"}],"version-history":[{"count":1,"href":"https:\/\/www.caririemacao.com\/1\/wp-json\/wp\/v2\/posts\/141062\/revisions"}],"predecessor-version":[{"id":141064,"href":"https:\/\/www.caririemacao.com\/1\/wp-json\/wp\/v2\/posts\/141062\/revisions\/141064"}],"wp:featuredmedia":[{"embeddable":true,"href":"https:\/\/www.caririemacao.com\/1\/wp-json\/wp\/v2\/media\/141063"}],"wp:attachment":[{"href":"https:\/\/www.caririemacao.com\/1\/wp-json\/wp\/v2\/media?parent=141062"}],"wp:term":[{"taxonomy":"category","embeddable":true,"href":"https:\/\/www.caririemacao.com\/1\/wp-json\/wp\/v2\/categories?post=141062"},{"taxonomy":"post_tag","embeddable":true,"href":"https:\/\/www.caririemacao.com\/1\/wp-json\/wp\/v2\/tags?post=141062"}],"curies":[{"name":"wp","href":"https:\/\/api.w.org\/{rel}","templated":true}]}}