{"id":141065,"date":"2019-12-16T13:32:36","date_gmt":"2019-12-16T16:32:36","guid":{"rendered":"http:\/\/www.caririemacao.com\/1\/?p=141065"},"modified":"2019-12-16T13:32:36","modified_gmt":"2019-12-16T16:32:36","slug":"fortalecendo-o-combate-a-corrupcao-prefeitura-de-monteiro-adota-nova-modalidade-de-pregao","status":"publish","type":"post","link":"https:\/\/www.caririemacao.com\/1\/2019\/12\/16\/fortalecendo-o-combate-a-corrupcao-prefeitura-de-monteiro-adota-nova-modalidade-de-pregao\/","title":{"rendered":"Fortalecendo o combate \u00e0 corrup\u00e7\u00e3o, Prefeitura de Monteiro adota nova modalidade de preg\u00e3o"},"content":{"rendered":"\n<p>A Prefeitura de Monteiro, por meio da Comiss\u00e3o Permanente de Licita\u00e7\u00e3o, realizou na manh\u00e3 da \u00faltima sexta-feira, 13, o primeiro preg\u00e3o eletr\u00f4nico. A modalidade traz uma s\u00e9rie de benef\u00edcios para a gest\u00e3o p\u00fablica municipal, fortalecendo as a\u00e7\u00f5es de combate \u00e0 corrup\u00e7\u00e3o. Essa modalidade tamb\u00e9m reduz os gastos p\u00fablicos, pois amplia a concorr\u00eancia permitindo que empresas de outros estados participem do processo.<\/p>\n\n\n\n<p>O preg\u00e3o aconteceu com a participa\u00e7\u00e3o de duas empresas para o processo de compra de 1.000, \u00f3culos com lentes para atender aos alunos da rede municipal de ensino. A a\u00e7\u00e3o durou em torno de &nbsp;40 minutos para toda a negocia\u00e7\u00e3o que ocorreu na fase de lances e depois na negocia\u00e7\u00e3o com o pregoeiro.<\/p>\n\n\n\n<p>\u201cAdotamos o preg\u00e3o eletr\u00f4nico em determina\u00e7\u00e3o da prefeita Anna Lorena, para que todas as licita\u00e7\u00f5es que eram realizadas presencialmente sejam agora de forma eletr\u00f4nica. Isso acarretar\u00e1 um incremento maior de economia ao munic\u00edpio, trazendo cada vez mais transpar\u00eancia nos processos e aprimorando cada vez mais a administra\u00e7\u00e3o p\u00fablica de nosso munic\u00edpio\u201d, comenta Ara\u00fajo, pregoeiro e presidente da CPL.<\/p>\n\n\n\n<p>A prefeita Anna Lorena destaca que a a\u00e7\u00e3o faz parte da postura de combate \u00e0 corrup\u00e7\u00e3o adotada em sua gest\u00e3o. \u201cConsidero muito positiva a implanta\u00e7\u00e3o do preg\u00e3o eletr\u00f4nico, pois essa \u00e9 a melhor forma de promover transpar\u00eancia em rela\u00e7\u00e3o aos gastos p\u00fablicos e de combater a corrup\u00e7\u00e3o. Esses foram compromissos assumidos por mim e minha equipe de governo\u201d, afirmou.<\/p>\n\n\n\n<p>Essa modalidade de licita\u00e7\u00e3o proporciona maior agilidade e economia nas compras efetuadas. Uma vez que o processo \u00e9 totalmente informatizado, o n\u00famero de empresas concorrentes dobra em rela\u00e7\u00e3o ao preg\u00e3o presencial, pois qualquer fornecedor pode obter informa\u00e7\u00f5es e participar do preg\u00e3o de qualquer local do pa\u00eds. Al\u00e9m de promover o aumento da competitividade e a consequente redu\u00e7\u00e3o dos pre\u00e7os, o preg\u00e3o eletr\u00f4nico torna o processo licitat\u00f3rio mais c\u00e9lere. O procedimento presencial demora de quatro a cinco horas para ser conclu\u00eddo, enquanto o eletr\u00f4nico apenas uma hora e meia.<\/p>\n\n\n\n<p><strong>Como acontece<\/strong><\/p>\n\n\n\n<p>O preg\u00e3o eletr\u00f4nico ocorre em uma esp\u00e9cie de sala de bate-papo, com a apresenta\u00e7\u00e3o das propostas pelos concorrentes. A partir do menor pre\u00e7o, o pregoeiro instiga os licitantes a dispararem lances at\u00e9 esgotarem-se as propostas. Em seguida, verifica-se a habilita\u00e7\u00e3o da empresa vencedora. Ao final da sess\u00e3o, as demais empresas podem manifestar a inten\u00e7\u00e3o de interpor recursos, com prazo determinado. Ap\u00f3s a decis\u00e3o dos recursos interpostos, a contrata\u00e7\u00e3o \u00e9 efetuada.<\/p>\n","protected":false},"excerpt":{"rendered":"<p>A Prefeitura de Monteiro, por meio da Comiss\u00e3o Permanente de Licita\u00e7\u00e3o, realizou na manh\u00e3 da \u00faltima sexta-feira, 13, o primeiro preg\u00e3o eletr\u00f4nico. A modalidade traz&hellip; <\/p>\n","protected":false},"author":1,"featured_media":141066,"comment_status":"closed","ping_status":"closed","sticky":false,"template":"","format":"standard","meta":{"sfsi_plus_gutenberg_text_before_share":"","sfsi_plus_gutenberg_show_text_before_share":"","sfsi_plus_gutenberg_icon_type":"","sfsi_plus_gutenberg_icon_alignemt":"","sfsi_plus_gutenburg_max_per_row":"","footnotes":""},"categories":[50,2],"tags":[],"class_list":["post-141065","post","type-post","status-publish","format-standard","has-post-thumbnail","hentry","category-destaque","category-geral"],"_links":{"self":[{"href":"https:\/\/www.caririemacao.com\/1\/wp-json\/wp\/v2\/posts\/141065","targetHints":{"allow":["GET"]}}],"collection":[{"href":"https:\/\/www.caririemacao.com\/1\/wp-json\/wp\/v2\/posts"}],"about":[{"href":"https:\/\/www.caririemacao.com\/1\/wp-json\/wp\/v2\/types\/post"}],"author":[{"embeddable":true,"href":"https:\/\/www.caririemacao.com\/1\/wp-json\/wp\/v2\/users\/1"}],"replies":[{"embeddable":true,"href":"https:\/\/www.caririemacao.com\/1\/wp-json\/wp\/v2\/comments?post=141065"}],"version-history":[{"count":1,"href":"https:\/\/www.caririemacao.com\/1\/wp-json\/wp\/v2\/posts\/141065\/revisions"}],"predecessor-version":[{"id":141067,"href":"https:\/\/www.caririemacao.com\/1\/wp-json\/wp\/v2\/posts\/141065\/revisions\/141067"}],"wp:featuredmedia":[{"embeddable":true,"href":"https:\/\/www.caririemacao.com\/1\/wp-json\/wp\/v2\/media\/141066"}],"wp:attachment":[{"href":"https:\/\/www.caririemacao.com\/1\/wp-json\/wp\/v2\/media?parent=141065"}],"wp:term":[{"taxonomy":"category","embeddable":true,"href":"https:\/\/www.caririemacao.com\/1\/wp-json\/wp\/v2\/categories?post=141065"},{"taxonomy":"post_tag","embeddable":true,"href":"https:\/\/www.caririemacao.com\/1\/wp-json\/wp\/v2\/tags?post=141065"}],"curies":[{"name":"wp","href":"https:\/\/api.w.org\/{rel}","templated":true}]}}