{"id":141069,"date":"2019-12-16T13:33:46","date_gmt":"2019-12-16T16:33:46","guid":{"rendered":"http:\/\/www.caririemacao.com\/1\/?p=141069"},"modified":"2019-12-16T13:33:46","modified_gmt":"2019-12-16T16:33:46","slug":"fracassa-nova-tentativa-de-greve-de-caminhoneiros","status":"publish","type":"post","link":"https:\/\/www.caririemacao.com\/1\/2019\/12\/16\/fracassa-nova-tentativa-de-greve-de-caminhoneiros\/","title":{"rendered":"Fracassa nova tentativa de greve de caminhoneiros"},"content":{"rendered":"\n<p>Fracassaram os protestos de caminhoneiros marcados para esta segunda-feira (16). Nos grupos em que a categoria organizava o movimento, o clima \u00e9 de frustra\u00e7\u00e3o.<\/p>\n\n\n\n<p>Alguns dos l\u00edderes que articulavam uma paralisa\u00e7\u00e3o nacional culparam, principalmente, a pr\u00f3pria categoria pelo baixo engajamento. Pessoas que foram aos pontos de parada relataram nos grupos ter encontrado menos de quatro caminhoneiros em alguns casos.<\/p>\n\n\n\n<p>A greve foi liderada por Marconi Fran\u00e7a, que chegou a pedir ajuda da CUT para a mobiliza\u00e7\u00e3o. Por\u00e9m a decis\u00e3o causou irrita\u00e7\u00e3o em parte da categoria, que viu politiza\u00e7\u00e3o do movimento, e o motorista chegou a dizer que abriria m\u00e3o da ajuda para n\u00e3o perder apoio dos mais pr\u00f3ximos ao governo Bolsonaro e que seu movimento n\u00e3o tinha raz\u00f5es pol\u00edticas.<\/p>\n\n\n\n<p>A mobiliza\u00e7\u00e3o tamb\u00e9m sofria oposi\u00e7\u00e3o de l\u00edderes mais antigos, em especial dos respons\u00e1veis pela grande paralisa\u00e7\u00e3o de 2018. Hoje mais pr\u00f3ximos da mesa de negocia\u00e7\u00e3o com o governo, esses caminhoneiros vinham disparando v\u00eddeos pedindo que a categoria n\u00e3o aderisse.<\/p>\n\n\n\n<p>Os motoristas que ainda insistem na paralisa\u00e7\u00e3o neste ano apontam que, na cidade de Iju\u00ed (RS), acontecem atos pac\u00edficos nas estradas.<\/p>\n","protected":false},"excerpt":{"rendered":"<p>Fracassaram os protestos de caminhoneiros marcados para esta segunda-feira (16). Nos grupos em que a categoria organizava o movimento, o clima \u00e9 de frustra\u00e7\u00e3o. Alguns&hellip; <\/p>\n","protected":false},"author":1,"featured_media":75435,"comment_status":"closed","ping_status":"closed","sticky":false,"template":"","format":"standard","meta":{"sfsi_plus_gutenberg_text_before_share":"","sfsi_plus_gutenberg_show_text_before_share":"","sfsi_plus_gutenberg_icon_type":"","sfsi_plus_gutenberg_icon_alignemt":"","sfsi_plus_gutenburg_max_per_row":"","footnotes":""},"categories":[2],"tags":[],"class_list":["post-141069","post","type-post","status-publish","format-standard","has-post-thumbnail","hentry","category-geral"],"_links":{"self":[{"href":"https:\/\/www.caririemacao.com\/1\/wp-json\/wp\/v2\/posts\/141069","targetHints":{"allow":["GET"]}}],"collection":[{"href":"https:\/\/www.caririemacao.com\/1\/wp-json\/wp\/v2\/posts"}],"about":[{"href":"https:\/\/www.caririemacao.com\/1\/wp-json\/wp\/v2\/types\/post"}],"author":[{"embeddable":true,"href":"https:\/\/www.caririemacao.com\/1\/wp-json\/wp\/v2\/users\/1"}],"replies":[{"embeddable":true,"href":"https:\/\/www.caririemacao.com\/1\/wp-json\/wp\/v2\/comments?post=141069"}],"version-history":[{"count":1,"href":"https:\/\/www.caririemacao.com\/1\/wp-json\/wp\/v2\/posts\/141069\/revisions"}],"predecessor-version":[{"id":141070,"href":"https:\/\/www.caririemacao.com\/1\/wp-json\/wp\/v2\/posts\/141069\/revisions\/141070"}],"wp:featuredmedia":[{"embeddable":true,"href":"https:\/\/www.caririemacao.com\/1\/wp-json\/wp\/v2\/media\/75435"}],"wp:attachment":[{"href":"https:\/\/www.caririemacao.com\/1\/wp-json\/wp\/v2\/media?parent=141069"}],"wp:term":[{"taxonomy":"category","embeddable":true,"href":"https:\/\/www.caririemacao.com\/1\/wp-json\/wp\/v2\/categories?post=141069"},{"taxonomy":"post_tag","embeddable":true,"href":"https:\/\/www.caririemacao.com\/1\/wp-json\/wp\/v2\/tags?post=141069"}],"curies":[{"name":"wp","href":"https:\/\/api.w.org\/{rel}","templated":true}]}}