{"id":141071,"date":"2019-12-16T13:34:40","date_gmt":"2019-12-16T16:34:40","guid":{"rendered":"http:\/\/www.caririemacao.com\/1\/?p=141071"},"modified":"2019-12-16T13:34:40","modified_gmt":"2019-12-16T16:34:40","slug":"joao-azevedo-coloca-nas-maos-dos-deputados-futuro-da-pbprev","status":"publish","type":"post","link":"https:\/\/www.caririemacao.com\/1\/2019\/12\/16\/joao-azevedo-coloca-nas-maos-dos-deputados-futuro-da-pbprev\/","title":{"rendered":"Jo\u00e3o Azev\u00eado coloca nas m\u00e3os dos deputados futuro da PBPrev"},"content":{"rendered":"\n<p>O governador Jo\u00e3o Azev\u00eado (sem partido) disse, nesta segunda-feira (16), que respeitar\u00e1 a decis\u00e3o a ser tomada pela Assembleia Legislativa da Para\u00edba acerca do Projeto de Lei Complementar que promove adequa\u00e7\u00f5es na previd\u00eancia do estado.<\/p>\n\n\n\n<p>Azev\u00eado argumentou que o sistema de al\u00edquota progressiva, conforme defende os deputados de oposi\u00e7\u00e3o, afetaria os aposentados e pensionistas, hoje isentos da contribui\u00e7\u00e3o em sua maioria. Eles passariam, portanto, a contribuir tamb\u00e9m. Neste moldes, quem ganha at\u00e9 um sal\u00e1rio m\u00ednimo contribuiria menos, o equivalente a 7,5%, enquanto quem ganha mais contribuiria com at\u00e9 22%.<\/p>\n\n\n\n<p>\u201cEvidentemente cada uma tem suas vantagens e desvantagens [al\u00edquota linear de 14% x progressiva]. O estado apresentou uma al\u00edquota linear, porque ela protege os aposentados, pensionistas, reformados, que ganham menos. Essa foi a inten\u00e7\u00e3o, entretanto, ser\u00e1 a Assembleia que dar\u00e1 a sua decis\u00e3o final. Se vota pela al\u00edquota linear ou progressiva. Essa \u00e9 uma decis\u00e3o que os deputados tomar\u00e3o e eu aceito. Estamos numa democracia, discutindo aquilo que \u00e9 legal e necess\u00e1rio a fazer, acima de tudo cumprindo. A partir do momento que teve a aprova\u00e7\u00e3o da PEC 103, em Bras\u00edlia, teve dois caminhos: ou implantar aquilo que \u00e9 uma obriga\u00e7\u00e3o ou desobedi\u00eancia civil\u201d, disse.<\/p>\n\n\n\n<p>Nesta segunda-feira (16), a Assembleia Legislativa da Para\u00edba retoma o debate em torno do projeto, em audi\u00eancia p\u00fablica. O procurador-geral do Estado (PGE), F\u00e1bio Andrade, e o novo presidente da PBPrev, Jos\u00e9 Ant\u00f4nio Coelho Cavalcanti, representar\u00e3o o governo.<\/p>\n\n\n\n<p>Com MaisPB<\/p>\n","protected":false},"excerpt":{"rendered":"<p>O governador Jo\u00e3o Azev\u00eado (sem partido) disse, nesta segunda-feira (16), que respeitar\u00e1 a decis\u00e3o a ser tomada pela Assembleia Legislativa da Para\u00edba acerca do Projeto&hellip; <\/p>\n","protected":false},"author":1,"featured_media":141072,"comment_status":"closed","ping_status":"closed","sticky":false,"template":"","format":"standard","meta":{"sfsi_plus_gutenberg_text_before_share":"","sfsi_plus_gutenberg_show_text_before_share":"","sfsi_plus_gutenberg_icon_type":"","sfsi_plus_gutenberg_icon_alignemt":"","sfsi_plus_gutenburg_max_per_row":"","footnotes":""},"categories":[11],"tags":[],"class_list":["post-141071","post","type-post","status-publish","format-standard","has-post-thumbnail","hentry","category-politica"],"_links":{"self":[{"href":"https:\/\/www.caririemacao.com\/1\/wp-json\/wp\/v2\/posts\/141071","targetHints":{"allow":["GET"]}}],"collection":[{"href":"https:\/\/www.caririemacao.com\/1\/wp-json\/wp\/v2\/posts"}],"about":[{"href":"https:\/\/www.caririemacao.com\/1\/wp-json\/wp\/v2\/types\/post"}],"author":[{"embeddable":true,"href":"https:\/\/www.caririemacao.com\/1\/wp-json\/wp\/v2\/users\/1"}],"replies":[{"embeddable":true,"href":"https:\/\/www.caririemacao.com\/1\/wp-json\/wp\/v2\/comments?post=141071"}],"version-history":[{"count":1,"href":"https:\/\/www.caririemacao.com\/1\/wp-json\/wp\/v2\/posts\/141071\/revisions"}],"predecessor-version":[{"id":141073,"href":"https:\/\/www.caririemacao.com\/1\/wp-json\/wp\/v2\/posts\/141071\/revisions\/141073"}],"wp:featuredmedia":[{"embeddable":true,"href":"https:\/\/www.caririemacao.com\/1\/wp-json\/wp\/v2\/media\/141072"}],"wp:attachment":[{"href":"https:\/\/www.caririemacao.com\/1\/wp-json\/wp\/v2\/media?parent=141071"}],"wp:term":[{"taxonomy":"category","embeddable":true,"href":"https:\/\/www.caririemacao.com\/1\/wp-json\/wp\/v2\/categories?post=141071"},{"taxonomy":"post_tag","embeddable":true,"href":"https:\/\/www.caririemacao.com\/1\/wp-json\/wp\/v2\/tags?post=141071"}],"curies":[{"name":"wp","href":"https:\/\/api.w.org\/{rel}","templated":true}]}}