{"id":141075,"date":"2019-12-16T13:43:25","date_gmt":"2019-12-16T16:43:25","guid":{"rendered":"http:\/\/www.caririemacao.com\/1\/?p=141075"},"modified":"2019-12-16T13:43:25","modified_gmt":"2019-12-16T16:43:25","slug":"juiz-quer-processar-netflix-por-video-do-porta-dos-fundos-e-reforca-campanha-que-ja-possui-mais-de-1-milhao-de-assinaturas","status":"publish","type":"post","link":"https:\/\/www.caririemacao.com\/1\/2019\/12\/16\/juiz-quer-processar-netflix-por-video-do-porta-dos-fundos-e-reforca-campanha-que-ja-possui-mais-de-1-milhao-de-assinaturas\/","title":{"rendered":"Juiz quer processar Netflix por v\u00eddeo do \u2018Porta dos Fundos\u2019 e refor\u00e7a campanha que j\u00e1 possui mais de 1 milh\u00e3o de assinaturas"},"content":{"rendered":"\n<p>O juiz federal William Douglas quer processar a Netflix por exibir o especial de Natal do Porta dos Fundos, que faz uma par\u00f3dia com\u00e9dia com a b\u00edblica&nbsp;passagem de \u00e9poca crist\u00e3.&nbsp;Nas redes sociais, o juiz William diz que n\u00e3o ir\u00e1 cancelar o servi\u00e7o da provedora global de s\u00e9ries e filmes, mas frisou que pretende acionar a Justi\u00e7a contra a empresa. Ele ainda faz campanha para que as pessoas votem contra a exibi\u00e7\u00e3o do filme e pede que quem se sentiu ofendido passe a corrente para frente.&nbsp;<a href=\"https:\/\/www.change.org\/p\/netflix-especial-de-natal-porta-dos-fundos?recruiter=762791968&amp;utm_source=share_petition&amp;utm_campaign=psf_combo_share_message&amp;utm_medium=whatsapp&amp;recruited_by_id=35ab9000-84c1-11e7-9225-f1278a5e0972&amp;utm_content=washarecopy_19374572_pt-BR%3Av1\">Acesse o link aqui<\/a><br><\/p>\n\n\n\n<p>\u201cEscolher a data mais especial dos crist\u00e3os para ofend\u00ea-los \u00e9 uma vergonha. N\u00e3o vou cancelar o Netflix. O que pretendo fazer \u00e9, como consumidor, processar a empresa por ofensa ao sentimento religioso\u201d, assegurou o juiz.<\/p>\n\n\n\n<p>No post, o magistrado aconselha que todos aqueles que se sentiram ofendidos devem reagir de alguma maneira.&nbsp;\u201cSe algu\u00e9m deliberadamente ofende a religi\u00e3o das pessoas: n\u00e3o assista nada que essa pessoa produz (boicote direto, um direito seu); n\u00e3o use nenhum produto anunciado por tais pessoas (boicote indireto, um direito seu); d\u00ea nota negativa (direito seu); assine a peti\u00e7\u00e3o de protesto em&nbsp;<a href=\"http:\/\/chng.it\/GGdJH27R\">http:\/\/chng.it\/GGdJH27R<\/a>&nbsp;(idem); compartilhe e divulgue seu protesto: fam\u00edlia, amigos, igreja, trabalho etc (idem)\u201d, escreveu.<\/p>\n","protected":false},"excerpt":{"rendered":"<p>O juiz federal William Douglas quer processar a Netflix por exibir o especial de Natal do Porta dos Fundos, que faz uma par\u00f3dia com\u00e9dia com&hellip; <\/p>\n","protected":false},"author":1,"featured_media":141076,"comment_status":"closed","ping_status":"closed","sticky":false,"template":"","format":"standard","meta":{"sfsi_plus_gutenberg_text_before_share":"","sfsi_plus_gutenberg_show_text_before_share":"","sfsi_plus_gutenberg_icon_type":"","sfsi_plus_gutenberg_icon_alignemt":"","sfsi_plus_gutenburg_max_per_row":"","footnotes":""},"categories":[2],"tags":[],"class_list":["post-141075","post","type-post","status-publish","format-standard","has-post-thumbnail","hentry","category-geral"],"_links":{"self":[{"href":"https:\/\/www.caririemacao.com\/1\/wp-json\/wp\/v2\/posts\/141075","targetHints":{"allow":["GET"]}}],"collection":[{"href":"https:\/\/www.caririemacao.com\/1\/wp-json\/wp\/v2\/posts"}],"about":[{"href":"https:\/\/www.caririemacao.com\/1\/wp-json\/wp\/v2\/types\/post"}],"author":[{"embeddable":true,"href":"https:\/\/www.caririemacao.com\/1\/wp-json\/wp\/v2\/users\/1"}],"replies":[{"embeddable":true,"href":"https:\/\/www.caririemacao.com\/1\/wp-json\/wp\/v2\/comments?post=141075"}],"version-history":[{"count":1,"href":"https:\/\/www.caririemacao.com\/1\/wp-json\/wp\/v2\/posts\/141075\/revisions"}],"predecessor-version":[{"id":141077,"href":"https:\/\/www.caririemacao.com\/1\/wp-json\/wp\/v2\/posts\/141075\/revisions\/141077"}],"wp:featuredmedia":[{"embeddable":true,"href":"https:\/\/www.caririemacao.com\/1\/wp-json\/wp\/v2\/media\/141076"}],"wp:attachment":[{"href":"https:\/\/www.caririemacao.com\/1\/wp-json\/wp\/v2\/media?parent=141075"}],"wp:term":[{"taxonomy":"category","embeddable":true,"href":"https:\/\/www.caririemacao.com\/1\/wp-json\/wp\/v2\/categories?post=141075"},{"taxonomy":"post_tag","embeddable":true,"href":"https:\/\/www.caririemacao.com\/1\/wp-json\/wp\/v2\/tags?post=141075"}],"curies":[{"name":"wp","href":"https:\/\/api.w.org\/{rel}","templated":true}]}}