{"id":141078,"date":"2019-12-16T13:44:30","date_gmt":"2019-12-16T16:44:30","guid":{"rendered":"http:\/\/www.caririemacao.com\/1\/?p=141078"},"modified":"2019-12-16T13:44:30","modified_gmt":"2019-12-16T16:44:30","slug":"paraibano-petrucio-ferreira-e-anunciado-melhor-paratleta-de-2019-na-categoria-atletismo","status":"publish","type":"post","link":"https:\/\/www.caririemacao.com\/1\/2019\/12\/16\/paraibano-petrucio-ferreira-e-anunciado-melhor-paratleta-de-2019-na-categoria-atletismo\/","title":{"rendered":"Paraibano Petr\u00facio Ferreira \u00e9 anunciado melhor paratleta de 2019 na categoria atletismo"},"content":{"rendered":"\n<p>O paraibano Petr\u00facio Ferreira foi eleito o melhor paratleta de 2019 na categoria atletismo. O atleta foi indicado&nbsp;pelas confedera\u00e7\u00f5es respons\u00e1veis pela modalidade e escolhidos por uma comiss\u00e3o do Comit\u00ea Paral\u00edmpico Brasileiro (CPB).<\/p>\n\n\n\n<p>Petr\u00facio tamb\u00e9m concorre ao pr\u00eamio&nbsp;&nbsp;&#8220;Atleta da Galera&#8221;, que \u00e9 eleito por voto popular. Neste ano, cinco atletas concorrem \u00e0 honraria: a judoca Alana Maldonado, a nadadora Carol Santiago, o jogador de bocha Jos\u00e9 Chagas, al\u00e9m de Petr\u00facio Ferreira e da velocista Ver\u00f4nica Hip\u00f3lito.<\/p>\n\n\n\n<p>Na vota\u00e7\u00e3o mais 23&nbsp;atletas foram reconhecidos como melhores da temporada nas seguintes modalidades: atletismo, basquete em cadeira de rodas, bocha, canoagem, ciclismo, esgrima em cadeira de rodas, esporte de neve, futebol de 5, futebol de 7, goalball, halterofilismo, hipismo, jud\u00f4, nata\u00e7\u00e3o, parabadminton, parataekwondo, remo, r\u00fagbi em cadeira de rodas, t\u00eanis de mesa, t\u00eanis em cadeira de rodas, tiro esportivo, tiro com arco, triatlo, v\u00f4lei sentado.<\/p>\n\n\n\n<p>A premia\u00e7\u00e3o \u00e9 feita pelo&nbsp;Comit\u00ea Paral\u00edmpico Brasileiro para&nbsp;os melhores do ano por modalidade do Pr\u00eamio Paral\u00edmpicos 2019. Vinte e quatro modalidades ser\u00e3o premiadas na solenidade que acontece nesta ter\u00e7a-feira, 17.&nbsp;A cerim\u00f4nia ter\u00e1 in\u00edcio \u00e0s 20h (hor\u00e1rio de Bras\u00edlia) e ser\u00e1 transmitido ao vivo pelo canal SporTV 2.&nbsp;O Hotel Unique, em S\u00e3o Paulo, ser\u00e1 o palco da grande festa.&nbsp;<\/p>\n\n\n\n<p>O Pr\u00eamio Paral\u00edmpicos encerra o calend\u00e1rio do CPB e premia os destaques esportivos da temporada. Esta \u00e9 a 9\u00aa edi\u00e7\u00e3o do evento, que contar\u00e1 com a premia\u00e7\u00e3o dos melhores atletas de cada modalidade.&nbsp;&nbsp;<\/p>\n\n\n\n<p>Os vencedores de melhores do ano por g\u00eanero, o atleta revela\u00e7\u00e3o, al\u00e9m dos melhores t\u00e9cnicos de modalidades individuais e coletivas, e o Clube Caixa ser\u00e3o anunciados durante a cerim\u00f4nia que acontece nesta segunda-feira (16).<br><\/p>\n\n\n\n<p><a href=\"https:\/\/docs.google.com\/forms\/d\/e\/1FAIpQLSdkP4pz7CtaJSLVlBDD4XN5V84AJLZ_KCERsu7pvNq___K-eg\/viewform\">Vote aqui.<\/a><br>&nbsp;<br>Tamb\u00e9m ser\u00e3o entregues o Pr\u00eamio Aldo Miccolis (um dos pioneiros do esporte adaptado no Brasil), que homenageia pessoas que dedicaram sua vida ao esporte paral\u00edmpico e o Pr\u00eamio Personalidade Paral\u00edmpica, para quem contribuiu para o Movimento na temporada.<br>&nbsp;<br>O credenciamento de imprensa encerrou-se na \u00faltima sexta-feira, 13.&nbsp;<br>&nbsp;<br><strong>Confira os ganhadores por modalidade do Pr\u00eamio Paral\u00edmpicos 2019:<\/strong><br>&nbsp;<br><strong>Atletismo &#8211;<\/strong>&nbsp;Petr\u00facio Ferreira<br><strong>Basquete em CR \u2013<\/strong>&nbsp;Vileide Almeida<br><strong>Bocha \u2013<\/strong>&nbsp;Maciel Santos<br><strong>Canoagem \u2013<\/strong>&nbsp;Luis Carlos Cardoso&nbsp;<br><strong>Ciclismo \u2013&nbsp;<\/strong>Lauro Chaman<br><strong>Esgrima em CR \u2013<\/strong>&nbsp;Jovane Guissone<br><strong>Esportes de Neve \u2013&nbsp;<\/strong>Cristian Ribera<br><strong>Futebol de 5 \u2013<\/strong>&nbsp;Raimundo Nonato&nbsp;<br><strong>Futebol de 7 \u2013<\/strong>&nbsp;Bira Mgalh\u00e3es<br><strong>Goalball \u2013&nbsp;<\/strong>Leomon Moreno<br><strong>Halterofilismo \u2013<\/strong>&nbsp;Mariana D\u2019Andrea<br><strong>Hipismo \u2013&nbsp;<\/strong>Rodolpho Riskala<br><strong>Jud\u00f4 \u2013&nbsp;<\/strong>Meg Emmerich<br><strong>Nata\u00e7\u00e3o \u2013<\/strong>&nbsp;Carol Santiago<br><strong>Parabadminton \u2013<\/strong>&nbsp;Vitor Tavares<br><strong>Parataekwondo \u2013<\/strong>&nbsp;D\u00e9bora Menezes<br><strong>Remo \u2013<\/strong>&nbsp;Ren\u00ea Pereira<br><strong>R\u00fabgi em CR \u2013<\/strong>&nbsp;Julio Braz&nbsp;<br><strong>T\u00eanis de Mesa \u2013&nbsp;<\/strong>Paulo Salmin<br><strong>T\u00eanis em CR \u2013<\/strong>&nbsp;Daniel Rodrigues<br><strong>Tiro Esportivo \u2013<\/strong>&nbsp;Alexandre Galgani<br><strong>Tiro com arco \u2013<\/strong>&nbsp;Jane Karla G\u00f6gel<br><strong>Triatlo \u2013&nbsp;<\/strong>Carlos Viana<br><strong>V\u00f4lei Sentado \u2013<\/strong>&nbsp;Gilberto da Silva<br>&nbsp;<\/p>\n","protected":false},"excerpt":{"rendered":"<p>O paraibano Petr\u00facio Ferreira foi eleito o melhor paratleta de 2019 na categoria atletismo. O atleta foi indicado&nbsp;pelas confedera\u00e7\u00f5es respons\u00e1veis pela modalidade e escolhidos por&hellip; <\/p>\n","protected":false},"author":1,"featured_media":141079,"comment_status":"closed","ping_status":"closed","sticky":false,"template":"","format":"standard","meta":{"sfsi_plus_gutenberg_text_before_share":"","sfsi_plus_gutenberg_show_text_before_share":"","sfsi_plus_gutenberg_icon_type":"","sfsi_plus_gutenberg_icon_alignemt":"","sfsi_plus_gutenburg_max_per_row":"","footnotes":""},"categories":[13],"tags":[],"class_list":["post-141078","post","type-post","status-publish","format-standard","has-post-thumbnail","hentry","category-esportes"],"_links":{"self":[{"href":"https:\/\/www.caririemacao.com\/1\/wp-json\/wp\/v2\/posts\/141078","targetHints":{"allow":["GET"]}}],"collection":[{"href":"https:\/\/www.caririemacao.com\/1\/wp-json\/wp\/v2\/posts"}],"about":[{"href":"https:\/\/www.caririemacao.com\/1\/wp-json\/wp\/v2\/types\/post"}],"author":[{"embeddable":true,"href":"https:\/\/www.caririemacao.com\/1\/wp-json\/wp\/v2\/users\/1"}],"replies":[{"embeddable":true,"href":"https:\/\/www.caririemacao.com\/1\/wp-json\/wp\/v2\/comments?post=141078"}],"version-history":[{"count":1,"href":"https:\/\/www.caririemacao.com\/1\/wp-json\/wp\/v2\/posts\/141078\/revisions"}],"predecessor-version":[{"id":141080,"href":"https:\/\/www.caririemacao.com\/1\/wp-json\/wp\/v2\/posts\/141078\/revisions\/141080"}],"wp:featuredmedia":[{"embeddable":true,"href":"https:\/\/www.caririemacao.com\/1\/wp-json\/wp\/v2\/media\/141079"}],"wp:attachment":[{"href":"https:\/\/www.caririemacao.com\/1\/wp-json\/wp\/v2\/media?parent=141078"}],"wp:term":[{"taxonomy":"category","embeddable":true,"href":"https:\/\/www.caririemacao.com\/1\/wp-json\/wp\/v2\/categories?post=141078"},{"taxonomy":"post_tag","embeddable":true,"href":"https:\/\/www.caririemacao.com\/1\/wp-json\/wp\/v2\/tags?post=141078"}],"curies":[{"name":"wp","href":"https:\/\/api.w.org\/{rel}","templated":true}]}}