{"id":141082,"date":"2019-12-16T13:45:10","date_gmt":"2019-12-16T16:45:10","guid":{"rendered":"http:\/\/www.caririemacao.com\/1\/?p=141082"},"modified":"2019-12-16T13:45:10","modified_gmt":"2019-12-16T16:45:10","slug":"bolsonaro-chama-paulo-freire-de-energumeno-e-diz-que-tv-escola-deseduca","status":"publish","type":"post","link":"https:\/\/www.caririemacao.com\/1\/2019\/12\/16\/bolsonaro-chama-paulo-freire-de-energumeno-e-diz-que-tv-escola-deseduca\/","title":{"rendered":"Bolsonaro chama Paulo Freire de &#8216;energ\u00fameno&#8217; e diz que TV Escola &#8216;deseduca&#8217;"},"content":{"rendered":"\n<p>O presidente Jair Bolsonaro chamou nesta segunda-feira (16) de \u201cenerg\u00fameno\u201d o educador Paulo Freire, patrono da educa\u00e7\u00e3o brasileira, e declarou que a programa\u00e7\u00e3o da TV Escola \u201cdeseduca\u201d.<\/p>\n\n\n\n<p>Na \u00faltima sexta (13), o contrato n\u00e3o foi renovado com a associa\u00e7\u00e3o respons\u00e1vel por gerir a TV Escola desde 1995. Em nota, o Minist\u00e9rio da Educa\u00e7\u00e3o (MEC) afirmou que estuda a possibilidade das atividades do canal serem exercidas por outra institui\u00e7\u00e3o da administra\u00e7\u00e3o p\u00fablica.<\/p>\n\n\n\n<p>Bolsonaro fez as afirma\u00e7\u00f5es contra Paulo Freire e a TV Escola na sa\u00edda da resid\u00eancia oficial do Pal\u00e1cio da Alvorada, enquanto conversava e tirava fotos com apoiadores, e foi questionado sobre o tema.<\/p>\n\n\n\n<p>O presidente defendeu a decis\u00e3o do minist\u00e9rio de n\u00e3o renovar o contrato e disse que a audi\u00eancia da TV Escola \u00e9 muito baixa.<\/p>\n\n\n\n<p>\u201cVoc\u00ea conhece a programa\u00e7\u00e3o da TV Escola? Deseduca\u201d, afirmou o presidente.<\/p>\n\n\n\n<p>&#8220;Queriam que assinasse agora um contrato, o Abraham Weintraub [ministro da Educa\u00e7\u00e3o], de R$ 350 milh\u00f5es. Quem assiste a TV Escola? Ningu\u00e9m assiste. Dinheiro jogado fora\u201d, acrescentou.<\/p>\n\n\n\n<p>Segundo Bolsonaro, a educa\u00e7\u00e3o do Brasil tem desempenho ruim e avalia\u00e7\u00f5es por causa \u201cdessas programa\u00e7\u00f5es\u201d, com a da TV Escola que, na sua opini\u00e3o, tinha uma programa\u00e7\u00e3o \u201ctotalmente de esquerda\u201d, que promovia \u201cideologia de g\u00eanero\u201d com recursos p\u00fablicos.<\/p>\n\n\n\n<p><strong>&#8216;Energ\u00fameno&#8217;<\/strong><\/p>\n\n\n\n<p>De acordo com o presidente, as mudan\u00e7as que a sua gest\u00e3o implementa ter\u00e3o reflexos na educa\u00e7\u00e3o do pa\u00eds num prazo entre cinco e 15 anos. Ao concluir o argumento, ele chamou o educador Paulo Freire de \u201cenerg\u00fameno\u201d que, de acordo com a defini\u00e7\u00e3o do dicion\u00e1rio Aur\u00e9lio, quer dizer &#8220;endemoniado, fan\u00e1tico, possesso&#8221;.<\/p>\n\n\n\n<p>\u201cEra uma programa\u00e7\u00e3o [da TV Escola] totalmente de esquerda, ideologia de g\u00eanero, dinheiro p\u00fablico para ideologia de g\u00eanero. Ent\u00e3o, tem que mudar. Reflexo, daqui a cinco, 10, 15 anos vai ter reflexo. Os caras est\u00e3o h\u00e1 30 anos [no minist\u00e9rio], tem muito formado aqui em cima dessa filosofia do Paulo Freire da vida, esse energ\u00fameno, \u00eddolo da esquerda&#8221;, disse Bolsonaro.<\/p>\n\n\n\n<p>M\u00eas passado, a Coordena\u00e7\u00e3o de Aperfei\u00e7oamento de Pessoal do N\u00edvel Superior (Capes) alterou a plataforma criada para os professores buscarem cursos de aperfei\u00e7oamento profissional e retirou a homenagem ao educador Paulo Freire do nome. Agora, a &#8220;Plataforma Freire&#8221; se chama &#8220;Plataforma da Educa\u00e7\u00e3o B\u00e1sica&#8221;.<\/p>\n\n\n\n<p>\u201cOlha a prova do Pisa, estamos em \u00faltimo lugar no mundo, se eu n\u00e3o me engano, matem\u00e1tica, ci\u00eancias e portugu\u00eas. Acho que um ou dois itens somos os \u00faltimos da Am\u00e9rica do Sul. Vamos esperar o que desse Brasil com esse tipo de educa\u00e7\u00e3o?\u201d, completou.<\/p>\n\n\n\n<p>Bolsonaro estava se referindo ao Programa Internacional de Avalia\u00e7\u00e3o de Estudantes (Pisa, na sigla em ingl\u00eas). Na mais recente avalia\u00e7\u00e3o, feita em 2018 e divulgada neste m\u00eas, o Brasil n\u00e3o ficou em \u00faltimo lugar, embora o desempenho tenha sido baixo. Entre os pa\u00edses da Am\u00e9rica do Sul, a Argentina ficou em \u00faltimo lugar.<\/p>\n\n\n\n<p><strong>Paulo Freire<\/strong><\/p>\n\n\n\n<p>Paulo Freire foi declarado o patrono da educa\u00e7\u00e3o brasileira em 2012. O educador desenvolveu uma estrat\u00e9gia de ensino baseada nas experi\u00eancias de vida das pessoas, em especial na alfabetiza\u00e7\u00e3o de adultos.<\/p>\n\n\n\n<p>Uma dos livros de Freire, &#8220;Pedagogia do Oprimido&#8221;, \u00e9 o \u00fanico livro brasileiro a aparecer na lista dos 100 t\u00edtulos mais pedidos pelas universidades de l\u00edngua inglesa consideradas pelo projeto Open Syllabus.<\/p>\n\n\n\n<p>A metodologia de Freire vem sendo criticada por integrantes do governo Jair Bolsonaro, que atribuem a ela o baixo desempenho escolar do pa\u00eds em detrimento a maiores investimentos no setor e na forma\u00e7\u00e3o continuada de professores.<\/p>\n","protected":false},"excerpt":{"rendered":"<p>O presidente Jair Bolsonaro chamou nesta segunda-feira (16) de \u201cenerg\u00fameno\u201d o educador Paulo Freire, patrono da educa\u00e7\u00e3o brasileira, e declarou que a programa\u00e7\u00e3o da TV&hellip; <\/p>\n","protected":false},"author":1,"featured_media":137417,"comment_status":"closed","ping_status":"closed","sticky":false,"template":"","format":"standard","meta":{"sfsi_plus_gutenberg_text_before_share":"","sfsi_plus_gutenberg_show_text_before_share":"","sfsi_plus_gutenberg_icon_type":"","sfsi_plus_gutenberg_icon_alignemt":"","sfsi_plus_gutenburg_max_per_row":"","footnotes":""},"categories":[11],"tags":[],"class_list":["post-141082","post","type-post","status-publish","format-standard","has-post-thumbnail","hentry","category-politica"],"_links":{"self":[{"href":"https:\/\/www.caririemacao.com\/1\/wp-json\/wp\/v2\/posts\/141082","targetHints":{"allow":["GET"]}}],"collection":[{"href":"https:\/\/www.caririemacao.com\/1\/wp-json\/wp\/v2\/posts"}],"about":[{"href":"https:\/\/www.caririemacao.com\/1\/wp-json\/wp\/v2\/types\/post"}],"author":[{"embeddable":true,"href":"https:\/\/www.caririemacao.com\/1\/wp-json\/wp\/v2\/users\/1"}],"replies":[{"embeddable":true,"href":"https:\/\/www.caririemacao.com\/1\/wp-json\/wp\/v2\/comments?post=141082"}],"version-history":[{"count":1,"href":"https:\/\/www.caririemacao.com\/1\/wp-json\/wp\/v2\/posts\/141082\/revisions"}],"predecessor-version":[{"id":141083,"href":"https:\/\/www.caririemacao.com\/1\/wp-json\/wp\/v2\/posts\/141082\/revisions\/141083"}],"wp:featuredmedia":[{"embeddable":true,"href":"https:\/\/www.caririemacao.com\/1\/wp-json\/wp\/v2\/media\/137417"}],"wp:attachment":[{"href":"https:\/\/www.caririemacao.com\/1\/wp-json\/wp\/v2\/media?parent=141082"}],"wp:term":[{"taxonomy":"category","embeddable":true,"href":"https:\/\/www.caririemacao.com\/1\/wp-json\/wp\/v2\/categories?post=141082"},{"taxonomy":"post_tag","embeddable":true,"href":"https:\/\/www.caririemacao.com\/1\/wp-json\/wp\/v2\/tags?post=141082"}],"curies":[{"name":"wp","href":"https:\/\/api.w.org\/{rel}","templated":true}]}}