{"id":141087,"date":"2019-12-16T13:48:40","date_gmt":"2019-12-16T16:48:40","guid":{"rendered":"http:\/\/www.caririemacao.com\/1\/?p=141087"},"modified":"2019-12-16T13:48:40","modified_gmt":"2019-12-16T16:48:40","slug":"supremo-libera-a-tramitacao-da-reforma-da-previdencia-na-alpb","status":"publish","type":"post","link":"https:\/\/www.caririemacao.com\/1\/2019\/12\/16\/supremo-libera-a-tramitacao-da-reforma-da-previdencia-na-alpb\/","title":{"rendered":"Supremo libera a tramita\u00e7\u00e3o da reforma da Previd\u00eancia na ALPB"},"content":{"rendered":"\n<p>O Supremo Tribunal Federal (STF) acatou uma a\u00e7\u00e3o de Suspens\u00e3o de Seguran\u00e7a impetrada pelo Governo da Para\u00edba, e liberou, nesta segunda-feira (16), a tramita\u00e7\u00e3o da reforma da Previd\u00eancia dos servidores p\u00fablicos estaduais da Para\u00edba. A reforma est\u00e1 em debate na Assembleia Legislativa.<\/p>\n\n\n\n<p>Uma decis\u00e3o monocr\u00e1tica do ministro Dias Toffoli, presidente do STF, suspendeu a&nbsp;<a href=\"https:\/\/paraibaonline.com.br\/2019\/12\/governo-do-estado-entra-com-acao-no-stf-para-votar-reforma-previdenciaria-na-alpb\/\">medida do Tribunal de Justi\u00e7a da Para\u00edba<\/a>&nbsp;(TJPB).<\/p>\n\n\n\n<figure class=\"wp-block-image\"><img decoding=\"async\" data-src=\"https:\/\/paraibaonline.com.br\/wp-content\/uploads\/2019\/11\/Toffoli-01.jpg\" alt=\"\" class=\"wp-image-820524 lazyload\" src=\"data:image\/svg+xml;base64,PHN2ZyB3aWR0aD0iMSIgaGVpZ2h0PSIxIiB4bWxucz0iaHR0cDovL3d3dy53My5vcmcvMjAwMC9zdmciPjwvc3ZnPg==\" \/><\/figure>\n\n\n\n<p>Foto: Ascom<\/p>\n\n\n\n<p>Diz um trecho da decis\u00e3o:<\/p>\n\n\n\n<p>\u201cPara suspender a execu\u00e7\u00e3o da decis\u00e3o unipessoal proferida pelo Relator do Mandado de Seguran\u00e7a n\u00ba 0813009-41.2019.8.15.0000 no Tribunal de Justi\u00e7a do Estado da Para\u00edba, a qual impediu a tramita\u00e7\u00e3o em regime de urg\u00eancia urgent\u00edssima do Projeto de Lei Complementar n\u00ba 12\/2019 daquele Estado. Manifestem-se, sucessivamente, o interessado e a Procuradoria-Geral da Rep\u00fablica, retornando, na sequ\u00eancia, os autos \u00e0 Presid\u00eancia deste Supremo Tribunal\u201d.<\/p>\n\n\n\n<p>A tramita\u00e7\u00e3o havia sido suspensa na quarta-feira (11) a partir do acatamento de um mandado de seguran\u00e7a impetrado pelo l\u00edder da oposi\u00e7\u00e3o Raniery Paulino (MDB).<\/p>\n\n\n\n<p>A proposta estava na pauta do Legislativo em regime de urg\u00eancia.<br><\/p>\n","protected":false},"excerpt":{"rendered":"<p>O Supremo Tribunal Federal (STF) acatou uma a\u00e7\u00e3o de Suspens\u00e3o de Seguran\u00e7a impetrada pelo Governo da Para\u00edba, e liberou, nesta segunda-feira (16), a tramita\u00e7\u00e3o da&hellip; <\/p>\n","protected":false},"author":1,"featured_media":133492,"comment_status":"closed","ping_status":"closed","sticky":false,"template":"","format":"standard","meta":{"sfsi_plus_gutenberg_text_before_share":"","sfsi_plus_gutenberg_show_text_before_share":"","sfsi_plus_gutenberg_icon_type":"","sfsi_plus_gutenberg_icon_alignemt":"","sfsi_plus_gutenburg_max_per_row":"","footnotes":""},"categories":[11],"tags":[],"class_list":["post-141087","post","type-post","status-publish","format-standard","has-post-thumbnail","hentry","category-politica"],"_links":{"self":[{"href":"https:\/\/www.caririemacao.com\/1\/wp-json\/wp\/v2\/posts\/141087","targetHints":{"allow":["GET"]}}],"collection":[{"href":"https:\/\/www.caririemacao.com\/1\/wp-json\/wp\/v2\/posts"}],"about":[{"href":"https:\/\/www.caririemacao.com\/1\/wp-json\/wp\/v2\/types\/post"}],"author":[{"embeddable":true,"href":"https:\/\/www.caririemacao.com\/1\/wp-json\/wp\/v2\/users\/1"}],"replies":[{"embeddable":true,"href":"https:\/\/www.caririemacao.com\/1\/wp-json\/wp\/v2\/comments?post=141087"}],"version-history":[{"count":1,"href":"https:\/\/www.caririemacao.com\/1\/wp-json\/wp\/v2\/posts\/141087\/revisions"}],"predecessor-version":[{"id":141088,"href":"https:\/\/www.caririemacao.com\/1\/wp-json\/wp\/v2\/posts\/141087\/revisions\/141088"}],"wp:featuredmedia":[{"embeddable":true,"href":"https:\/\/www.caririemacao.com\/1\/wp-json\/wp\/v2\/media\/133492"}],"wp:attachment":[{"href":"https:\/\/www.caririemacao.com\/1\/wp-json\/wp\/v2\/media?parent=141087"}],"wp:term":[{"taxonomy":"category","embeddable":true,"href":"https:\/\/www.caririemacao.com\/1\/wp-json\/wp\/v2\/categories?post=141087"},{"taxonomy":"post_tag","embeddable":true,"href":"https:\/\/www.caririemacao.com\/1\/wp-json\/wp\/v2\/tags?post=141087"}],"curies":[{"name":"wp","href":"https:\/\/api.w.org\/{rel}","templated":true}]}}