{"id":141092,"date":"2019-12-16T16:53:10","date_gmt":"2019-12-16T19:53:10","guid":{"rendered":"http:\/\/www.caririemacao.com\/1\/?p=141092"},"modified":"2019-12-16T16:53:10","modified_gmt":"2019-12-16T19:53:10","slug":"cec-educacional-realiza-formatura-de-3-turmas-tecnicas-enfermagem-analises-clinicas-e-farmacia","status":"publish","type":"post","link":"https:\/\/www.caririemacao.com\/1\/2019\/12\/16\/cec-educacional-realiza-formatura-de-3-turmas-tecnicas-enfermagem-analises-clinicas-e-farmacia\/","title":{"rendered":"CEC EDUCACIONAL realiza formatura de 3 turmas t\u00e9cnicas. Enfermagem, An\u00e1lises Cl\u00ednicas e Farm\u00e1cia"},"content":{"rendered":"\n<figure class=\"wp-block-image\"><img decoding=\"async\" data-src=\"https:\/\/scontent.fcpv1-1.fna.fbcdn.net\/v\/t1.0-9\/p960x960\/79330168_1757632887704456_2025254994789269504_o.jpg?_nc_cat=110&amp;_nc_eui2=AeHyjaM5eHe7SipT84I2Y8PCAC9ZGnguoFgvU3h_qJH4cNrD9EScZ8D5C9g_NChenjPhjb7k6MLS6x0UoT5FOBg1lylnI5SO6fVwvORAOfy8UQ&amp;_nc_ohc=OYTHZ65nhtkAQnrmVu0vRn2AHvvJDk2w-dDr4-leFxyWsXRXmv8QEh6LA&amp;_nc_ht=scontent.fcpv1-1.fna&amp;oh=e42c5fccdf3fd7207b6f3987009e8c6b&amp;oe=5E83FF39\" alt=\"A imagem pode conter: uma ou mais pessoas, pessoas em p\u00e9 e chap\u00e9u\" src=\"data:image\/svg+xml;base64,PHN2ZyB3aWR0aD0iMSIgaGVpZ2h0PSIxIiB4bWxucz0iaHR0cDovL3d3dy53My5vcmcvMjAwMC9zdmciPjwvc3ZnPg==\" class=\"lazyload\" \/><\/figure>\n\n\n\n<p>Vivendo um de seus melhores momentos, o CEC EDUCIONAL uma das maiores institui\u00e7\u00f5es de ensino do estado da Para\u00edba e do interior de Pernambuco, e com\u00a0\u00a0DNA 100% caririzeiro para nosso orgulho, realizou mais um evento de formatura neste final de semana.<\/p>\n\n\n\n<p><br>Foi realizada no Centro Cultural, a formatura e cola\u00e7\u00e3o de grau de mais 03 turmas de t\u00e9cnicos muito bem preparados que em breve estar\u00e3o assumindo seus espa\u00e7os no mundo profissional na \u00e1rea da sa\u00fade.<\/p>\n\n\n\n<p><br>Com a qualidade que \u00e9 marca registrada do CEC EDUCACIONAL,\u00a0\u00a0foram formados novos t\u00e9cnicos de Enfermagem, An\u00e1lises Cl\u00ednicas e tamb\u00e9m de Farm\u00e1cia.<\/p>\n\n\n\n<p><br>Trata-se de alunos e alunas que tiveram muito esfor\u00e7o para atingirem este objetivo, pois assistiam aulas aos s\u00e1bados durante o dia inteiro, ap\u00f3s uma longa semana de trabalho e uma viagem cansativa oriundos de v\u00e1rios munic\u00edpios diferentes.<\/p>\n\n\n\n<p><br>\u201cFicamos muito felizes em concretizar esta etapa na vida destas pessoas corajosas e determinadas. E o CEC em 2020 vai buscar realizar ainda mais sonhos. <\/p>\n\n\n\n<p>Vem novidade por a\u00ed. Nossa FACEC vem para completar todo este ciclo, que ter\u00e1 maternalzinho, ensino fundamental 1 e 2, ensino m\u00e9dio, os melhores cursos t\u00e9cnicos, e uma faculdade com DNA 100% monteirense\u201d, disse o professor C\u00edcero Roberto, diretor da institui\u00e7\u00e3o.<br><\/p>\n\n\n\n<p>F\u00c1BIO BRITO<\/p>\n","protected":false},"excerpt":{"rendered":"<p>Vivendo um de seus melhores momentos, o CEC EDUCIONAL uma das maiores institui\u00e7\u00f5es de ensino do estado da Para\u00edba e do interior de Pernambuco, e&hellip; <\/p>\n","protected":false},"author":1,"featured_media":141094,"comment_status":"closed","ping_status":"closed","sticky":false,"template":"","format":"standard","meta":{"sfsi_plus_gutenberg_text_before_share":"","sfsi_plus_gutenberg_show_text_before_share":"","sfsi_plus_gutenberg_icon_type":"","sfsi_plus_gutenberg_icon_alignemt":"","sfsi_plus_gutenburg_max_per_row":"","footnotes":""},"categories":[2],"tags":[],"class_list":["post-141092","post","type-post","status-publish","format-standard","has-post-thumbnail","hentry","category-geral"],"_links":{"self":[{"href":"https:\/\/www.caririemacao.com\/1\/wp-json\/wp\/v2\/posts\/141092","targetHints":{"allow":["GET"]}}],"collection":[{"href":"https:\/\/www.caririemacao.com\/1\/wp-json\/wp\/v2\/posts"}],"about":[{"href":"https:\/\/www.caririemacao.com\/1\/wp-json\/wp\/v2\/types\/post"}],"author":[{"embeddable":true,"href":"https:\/\/www.caririemacao.com\/1\/wp-json\/wp\/v2\/users\/1"}],"replies":[{"embeddable":true,"href":"https:\/\/www.caririemacao.com\/1\/wp-json\/wp\/v2\/comments?post=141092"}],"version-history":[{"count":1,"href":"https:\/\/www.caririemacao.com\/1\/wp-json\/wp\/v2\/posts\/141092\/revisions"}],"predecessor-version":[{"id":141095,"href":"https:\/\/www.caririemacao.com\/1\/wp-json\/wp\/v2\/posts\/141092\/revisions\/141095"}],"wp:featuredmedia":[{"embeddable":true,"href":"https:\/\/www.caririemacao.com\/1\/wp-json\/wp\/v2\/media\/141094"}],"wp:attachment":[{"href":"https:\/\/www.caririemacao.com\/1\/wp-json\/wp\/v2\/media?parent=141092"}],"wp:term":[{"taxonomy":"category","embeddable":true,"href":"https:\/\/www.caririemacao.com\/1\/wp-json\/wp\/v2\/categories?post=141092"},{"taxonomy":"post_tag","embeddable":true,"href":"https:\/\/www.caririemacao.com\/1\/wp-json\/wp\/v2\/tags?post=141092"}],"curies":[{"name":"wp","href":"https:\/\/api.w.org\/{rel}","templated":true}]}}