{"id":141107,"date":"2019-12-16T18:13:56","date_gmt":"2019-12-16T21:13:56","guid":{"rendered":"http:\/\/www.caririemacao.com\/1\/?p=141107"},"modified":"2019-12-16T18:13:56","modified_gmt":"2019-12-16T21:13:56","slug":"exclusivo-acidente-e-registrado-na-br-412","status":"publish","type":"post","link":"https:\/\/www.caririemacao.com\/1\/2019\/12\/16\/exclusivo-acidente-e-registrado-na-br-412\/","title":{"rendered":"Exclusivo: Acidente \u00e9 registrado na BR 412"},"content":{"rendered":"\n<p>Foi registrado no fim da tarde desta segunda-feira, dia 16, um acidente na rodovia 412, entre o distrito de Santa Luzia do  Cariri e Serra Branca.                                  <\/p>\n\n\n\n<p>O acidente ocorreu,com um carro modelo Etios, da marca Toyota, ano, 2013, cor branca, Placa OSa6E57 de Aquiraz\/ Ce.<\/p>\n\n\n\n<p>O Ve\u00edculo est\u00e1 em nome de Silvier C. Lessa! Ao chegar no local, a pol\u00edcia n\u00e3o encontrou ningu\u00e9m no ve\u00edculo, possivelmente as v\u00edtimas podem ter sido socorridas para alguma unidade hospitalar da regi\u00e3o, embora no ve\u00edculo, n\u00e3o tenha sido encontrado marcas de Sangue.<\/p>\n\n\n\n<p>O que pode sugerir que o ve\u00edculo tenha sido roubado e ap\u00f3s a colis\u00e3o, tenha sido abandonado no local.<\/p>\n\n\n\n<p><\/p>\n\n\n\n<p>CARIRI EM A\u00c7\u00c3O <\/p>\n","protected":false},"excerpt":{"rendered":"<p>Foi registrado no fim da tarde desta segunda-feira, dia 16, um acidente na rodovia 412, entre o distrito de Santa Luzia do Cariri e Serra&hellip; <\/p>\n","protected":false},"author":1,"featured_media":141109,"comment_status":"closed","ping_status":"closed","sticky":false,"template":"","format":"standard","meta":{"sfsi_plus_gutenberg_text_before_share":"","sfsi_plus_gutenberg_show_text_before_share":"","sfsi_plus_gutenberg_icon_type":"","sfsi_plus_gutenberg_icon_alignemt":"","sfsi_plus_gutenburg_max_per_row":"","footnotes":""},"categories":[50,12],"tags":[],"class_list":["post-141107","post","type-post","status-publish","format-standard","has-post-thumbnail","hentry","category-destaque","category-policia"],"_links":{"self":[{"href":"https:\/\/www.caririemacao.com\/1\/wp-json\/wp\/v2\/posts\/141107","targetHints":{"allow":["GET"]}}],"collection":[{"href":"https:\/\/www.caririemacao.com\/1\/wp-json\/wp\/v2\/posts"}],"about":[{"href":"https:\/\/www.caririemacao.com\/1\/wp-json\/wp\/v2\/types\/post"}],"author":[{"embeddable":true,"href":"https:\/\/www.caririemacao.com\/1\/wp-json\/wp\/v2\/users\/1"}],"replies":[{"embeddable":true,"href":"https:\/\/www.caririemacao.com\/1\/wp-json\/wp\/v2\/comments?post=141107"}],"version-history":[{"count":1,"href":"https:\/\/www.caririemacao.com\/1\/wp-json\/wp\/v2\/posts\/141107\/revisions"}],"predecessor-version":[{"id":141110,"href":"https:\/\/www.caririemacao.com\/1\/wp-json\/wp\/v2\/posts\/141107\/revisions\/141110"}],"wp:featuredmedia":[{"embeddable":true,"href":"https:\/\/www.caririemacao.com\/1\/wp-json\/wp\/v2\/media\/141109"}],"wp:attachment":[{"href":"https:\/\/www.caririemacao.com\/1\/wp-json\/wp\/v2\/media?parent=141107"}],"wp:term":[{"taxonomy":"category","embeddable":true,"href":"https:\/\/www.caririemacao.com\/1\/wp-json\/wp\/v2\/categories?post=141107"},{"taxonomy":"post_tag","embeddable":true,"href":"https:\/\/www.caririemacao.com\/1\/wp-json\/wp\/v2\/tags?post=141107"}],"curies":[{"name":"wp","href":"https:\/\/api.w.org\/{rel}","templated":true}]}}