{"id":141119,"date":"2019-12-17T08:32:15","date_gmt":"2019-12-17T11:32:15","guid":{"rendered":"http:\/\/www.caririemacao.com\/1\/?p=141119"},"modified":"2019-12-17T08:32:15","modified_gmt":"2019-12-17T11:32:15","slug":"operacao-calvario-ex-governador-e-alvo-de-prisao-preventiva","status":"publish","type":"post","link":"https:\/\/www.caririemacao.com\/1\/2019\/12\/17\/operacao-calvario-ex-governador-e-alvo-de-prisao-preventiva\/","title":{"rendered":"Opera\u00e7\u00e3o Calv\u00e1rio: Ex-governador \u00e9 alvo de pris\u00e3o preventiva"},"content":{"rendered":"\n<p><a href=\"https:\/\/paraibaonline.com.br\/2019\/12\/operacao-calvario-350-policiais-nas-ruas-18-prisoes\/\">Mais uma fase da Opera\u00e7\u00e3o Calv\u00e1rio est\u00e1 sendo deflagrada<\/a>&nbsp;na manh\u00e3 desta ter\u00e7a-feira, 17, em Jo\u00e3o Pessoa e em Cabedelo, e um dos alvos de pris\u00e3o \u00e9 o ex-governador da Para\u00edba Ricardo Coutinho (PSB).<\/p>\n\n\n\n<p>A s\u00e9tima fase da Calv\u00e1rio, denominada de Ju\u00edzo Final, est\u00e1 cumprindo 54 mandados de busca e apreens\u00e3o e 18 mandados de pris\u00e3o preventiva, nos estados da Para\u00edba, Rio Grande do Norte, Goi\u00e2nia, Rio de Janeiro e Paran\u00e1.<\/p>\n\n\n\n<p>Al\u00e9m de Ricardo Coutinho, as deputadas estaduais Estela Bezerra e Cida Ramos, e a prefeita do munic\u00edpio do Conde,&nbsp; M\u00e1rcia Lucena, tamb\u00e9m s\u00e3o alvos da opera\u00e7\u00e3o.<\/p>\n\n\n\n<p>A Calv\u00e1rio conta com esquipes do Grupo de Atua\u00e7\u00e3o Especial de Repress\u00e3o ao Crime Organizado (Gaeco),&nbsp; do Minist\u00e9rio P\u00fablico Federal e Controladoria-Geral da Uni\u00e3o (CGU), e investiga desvio de recursos p\u00fablicos destinados aos servi\u00e7os de sa\u00fade no Estado da Para\u00edba, por meio de fraudes em licita\u00e7\u00e3o e em concurso p\u00fablico.<\/p>\n\n\n\n<p>Al\u00e9m disso, tamb\u00e9m \u00e9 apurado atos de corrup\u00e7\u00e3o e financiamento de campanhas de agentes p\u00fablicos, bem como o superfaturamento em equipamentos, servi\u00e7os e medicamentos.<\/p>\n\n\n\n<p>A estimativa \u00e9 de que o preju\u00edzo aos cofres p\u00fablicos \u00e9 de R$ 134,2 milh\u00f5es, e que, destes recursos, mais de R$ 120 milh\u00f5es teriam sido destinados para campanhas eleitorais de 2010, 2014 e 2018 dos agentes pol\u00edticos investigados.<\/p>\n\n\n\n<p>Segundo uma nota da Pol\u00edcia Federal,&nbsp; um dos alvos da opera\u00e7\u00e3o, que ocupou cargo de alto escal\u00e3o no executivo estadual, encontra-se fora do pa\u00eds e, por este motivo, o nome dele foi incluso na difus\u00e3o vermelha da Interpol.<\/p>\n","protected":false},"excerpt":{"rendered":"<p>Mais uma fase da Opera\u00e7\u00e3o Calv\u00e1rio est\u00e1 sendo deflagrada&nbsp;na manh\u00e3 desta ter\u00e7a-feira, 17, em Jo\u00e3o Pessoa e em Cabedelo, e um dos alvos de pris\u00e3o&hellip; <\/p>\n","protected":false},"author":1,"featured_media":52291,"comment_status":"closed","ping_status":"closed","sticky":false,"template":"","format":"standard","meta":{"sfsi_plus_gutenberg_text_before_share":"","sfsi_plus_gutenberg_show_text_before_share":"","sfsi_plus_gutenberg_icon_type":"","sfsi_plus_gutenberg_icon_alignemt":"","sfsi_plus_gutenburg_max_per_row":"","footnotes":""},"categories":[11],"tags":[],"class_list":["post-141119","post","type-post","status-publish","format-standard","has-post-thumbnail","hentry","category-politica"],"_links":{"self":[{"href":"https:\/\/www.caririemacao.com\/1\/wp-json\/wp\/v2\/posts\/141119","targetHints":{"allow":["GET"]}}],"collection":[{"href":"https:\/\/www.caririemacao.com\/1\/wp-json\/wp\/v2\/posts"}],"about":[{"href":"https:\/\/www.caririemacao.com\/1\/wp-json\/wp\/v2\/types\/post"}],"author":[{"embeddable":true,"href":"https:\/\/www.caririemacao.com\/1\/wp-json\/wp\/v2\/users\/1"}],"replies":[{"embeddable":true,"href":"https:\/\/www.caririemacao.com\/1\/wp-json\/wp\/v2\/comments?post=141119"}],"version-history":[{"count":1,"href":"https:\/\/www.caririemacao.com\/1\/wp-json\/wp\/v2\/posts\/141119\/revisions"}],"predecessor-version":[{"id":141121,"href":"https:\/\/www.caririemacao.com\/1\/wp-json\/wp\/v2\/posts\/141119\/revisions\/141121"}],"wp:featuredmedia":[{"embeddable":true,"href":"https:\/\/www.caririemacao.com\/1\/wp-json\/wp\/v2\/media\/52291"}],"wp:attachment":[{"href":"https:\/\/www.caririemacao.com\/1\/wp-json\/wp\/v2\/media?parent=141119"}],"wp:term":[{"taxonomy":"category","embeddable":true,"href":"https:\/\/www.caririemacao.com\/1\/wp-json\/wp\/v2\/categories?post=141119"},{"taxonomy":"post_tag","embeddable":true,"href":"https:\/\/www.caririemacao.com\/1\/wp-json\/wp\/v2\/tags?post=141119"}],"curies":[{"name":"wp","href":"https:\/\/api.w.org\/{rel}","templated":true}]}}